{"id":1043,"date":"2025-09-06T16:39:05","date_gmt":"2025-09-06T16:39:05","guid":{"rendered":"https:\/\/interaccioninformativa.mx\/?p=1043"},"modified":"2025-09-08T17:59:44","modified_gmt":"2025-09-08T17:59:44","slug":"mexico-aprieta-por-la-extradicion-de-zambada-y-garcia-luna-retenidos-en-eu","status":"publish","type":"post","link":"https:\/\/interaccioninformativa.mx\/index.php\/2025\/09\/06\/mexico-aprieta-por-la-extradicion-de-zambada-y-garcia-luna-retenidos-en-eu\/","title":{"rendered":"M\u00e9xico aprieta por la extradici\u00f3n de Zambada y Garc\u00eda Luna, retenidos en EU"},"content":{"rendered":"\n<div class=\"wp-block-media-text is-stacked-on-mobile\"><figure class=\"wp-block-media-text__media\"><img loading=\"lazy\" decoding=\"async\" width=\"1024\" height=\"576\" src=\"https:\/\/interaccioninformativa.mx\/wp-content\/uploads\/2025\/09\/QMQOO42RWRFUVDI2I734BMMOIU-1024x576.avif\" alt=\"\" class=\"wp-image-1044 size-full\" srcset=\"https:\/\/interaccioninformativa.mx\/wp-content\/uploads\/2025\/09\/QMQOO42RWRFUVDI2I734BMMOIU-1024x576.avif 1024w, https:\/\/interaccioninformativa.mx\/wp-content\/uploads\/2025\/09\/QMQOO42RWRFUVDI2I734BMMOIU-300x169.avif 300w, https:\/\/interaccioninformativa.mx\/wp-content\/uploads\/2025\/09\/QMQOO42RWRFUVDI2I734BMMOIU-768x432.avif 768w, https:\/\/interaccioninformativa.mx\/wp-content\/uploads\/2025\/09\/QMQOO42RWRFUVDI2I734BMMOIU-678x381.avif 678w, https:\/\/interaccioninformativa.mx\/wp-content\/uploads\/2025\/09\/QMQOO42RWRFUVDI2I734BMMOIU.avif 1200w\" sizes=\"auto, (max-width: 1024px) 100vw, 1024px\" \/><\/figure><div class=\"wp-block-media-text__content\">\n<p>Luego de la visita de Marco Rubio, la presidenta Claudia Sheinbaum revel\u00f3 que el funcionario estadounidense se refiri\u00f3 brevemente al caso de Ismael \u2018El Mayo\u2019 Zambada, mientras que M\u00e9xico aprovech\u00f3 para plantear la extradici\u00f3n al pa\u00eds de otros criminales de alto perfil.<\/p>\n<\/div><\/div>\n","protected":false},"excerpt":{"rendered":"<div class=\"mh-excerpt\"><p>Luego de la visita de Marco Rubio, la presidenta Claudia Sheinbaum revel\u00f3 que el funcionario estadounidense se refiri\u00f3 brevemente al caso de Ismael \u2018El Mayo\u2019 <a class=\"mh-excerpt-more\" href=\"https:\/\/interaccioninformativa.mx\/index.php\/2025\/09\/06\/mexico-aprieta-por-la-extradicion-de-zambada-y-garcia-luna-retenidos-en-eu\/\" title=\"M\u00e9xico aprieta por la extradici\u00f3n de Zambada y Garc\u00eda Luna, retenidos en EU\">[&#8230;]<\/a><\/p>\n<\/div>","protected":false},"author":1,"featured_media":1044,"comment_status":"open","ping_status":"closed","sticky":false,"template":"","format":"standard","meta":{"footnotes":""},"categories":[1],"tags":[],"class_list":["post-1043","post","type-post","status-publish","format-standard","has-post-thumbnail","hentry","category-noticias"],"_links":{"self":[{"href":"https:\/\/interaccioninformativa.mx\/index.php\/wp-json\/wp\/v2\/posts\/1043","targetHints":{"allow":["GET"]}}],"collection":[{"href":"https:\/\/interaccioninformativa.mx\/index.php\/wp-json\/wp\/v2\/posts"}],"about":[{"href":"https:\/\/interaccioninformativa.mx\/index.php\/wp-json\/wp\/v2\/types\/post"}],"author":[{"embeddable":true,"href":"https:\/\/interaccioninformativa.mx\/index.php\/wp-json\/wp\/v2\/users\/1"}],"replies":[{"embeddable":true,"href":"https:\/\/interaccioninformativa.mx\/index.php\/wp-json\/wp\/v2\/comments?post=1043"}],"version-history":[{"count":1,"href":"https:\/\/interaccioninformativa.mx\/index.php\/wp-json\/wp\/v2\/posts\/1043\/revisions"}],"predecessor-version":[{"id":1045,"href":"https:\/\/interaccioninformativa.mx\/index.php\/wp-json\/wp\/v2\/posts\/1043\/revisions\/1045"}],"wp:featuredmedia":[{"embeddable":true,"href":"https:\/\/interaccioninformativa.mx\/index.php\/wp-json\/wp\/v2\/media\/1044"}],"wp:attachment":[{"href":"https:\/\/interaccioninformativa.mx\/index.php\/wp-json\/wp\/v2\/media?parent=1043"}],"wp:term":[{"taxonomy":"category","embeddable":true,"href":"https:\/\/interaccioninformativa.mx\/index.php\/wp-json\/wp\/v2\/categories?post=1043"},{"taxonomy":"post_tag","embeddable":true,"href":"https:\/\/interaccioninformativa.mx\/index.php\/wp-json\/wp\/v2\/tags?post=1043"}],"curies":[{"name":"wp","href":"https:\/\/api.w.org\/{rel}","templated":true}]}}