{"id":1046,"date":"2025-09-06T16:49:57","date_gmt":"2025-09-06T16:49:57","guid":{"rendered":"https:\/\/interaccioninformativa.mx\/?p=1046"},"modified":"2025-09-08T18:03:19","modified_gmt":"2025-09-08T18:03:19","slug":"por-decreto-de-trump-el-pentagono-se-convierte-en-departamento-de-guerra","status":"publish","type":"post","link":"https:\/\/interaccioninformativa.mx\/index.php\/2025\/09\/06\/por-decreto-de-trump-el-pentagono-se-convierte-en-departamento-de-guerra\/","title":{"rendered":"Por decreto de Trump, el Pent\u00e1gono se convierte en Departamento de Guerra"},"content":{"rendered":"\n<div class=\"wp-block-media-text is-stacked-on-mobile\"><figure class=\"wp-block-media-text__media\"><img loading=\"lazy\" decoding=\"async\" width=\"1024\" height=\"463\" src=\"https:\/\/interaccioninformativa.mx\/wp-content\/uploads\/2025\/09\/Captura-de-pantalla-2025-09-06-a-las-10.47.35-1024x463.png\" alt=\"\" class=\"wp-image-1047 size-full\" srcset=\"https:\/\/interaccioninformativa.mx\/wp-content\/uploads\/2025\/09\/Captura-de-pantalla-2025-09-06-a-las-10.47.35-1024x463.png 1024w, https:\/\/interaccioninformativa.mx\/wp-content\/uploads\/2025\/09\/Captura-de-pantalla-2025-09-06-a-las-10.47.35-300x136.png 300w, https:\/\/interaccioninformativa.mx\/wp-content\/uploads\/2025\/09\/Captura-de-pantalla-2025-09-06-a-las-10.47.35-768x347.png 768w, https:\/\/interaccioninformativa.mx\/wp-content\/uploads\/2025\/09\/Captura-de-pantalla-2025-09-06-a-las-10.47.35-1536x694.png 1536w, https:\/\/interaccioninformativa.mx\/wp-content\/uploads\/2025\/09\/Captura-de-pantalla-2025-09-06-a-las-10.47.35-2048x925.png 2048w\" sizes=\"auto, (max-width: 1024px) 100vw, 1024px\" \/><\/figure><div class=\"wp-block-media-text__content\">\n<p>El presidente Donald Trump firm\u00f3 este viernes un decreto para cambiar el nombre del Departamento de Defensa por Departamento de Guerra, diciendo a la prensa en la Oficina Oval que era un nombre m\u00e1s \u201capropiado\u201d dada la situaci\u00f3n del mundo.<\/p>\n\n\n\n<p>\u201cCreo que es un nombre mucho m\u00e1s apropiado, especialmente considerando la situaci\u00f3n actual del mundo. Tenemos las fuerzas armadas m\u00e1s fuertes del mundo\u201d, dijo Trump antes de firmar el decreto.<\/p>\n\n\n\n<p>El cambio autoriza al secretario de Defensa, al Departamento de Defensa y a los funcionarios subordinados a utilizar t\u00edtulos secundarios como \u201csecretario de Guerra\u201d, \u201cDepartamento de Guerra\u201d y \u201csubsecretario de Guerra\u201d en la correspondencia oficial, comunicaciones p\u00fablicas, contextos ceremoniales y documentos no estatutarios dentro del poder ejecutivo, seg\u00fan una hoja informativa obtenida por CNN. Casi de inmediato, los funcionarios comenzaron a implementarla.<\/p>\n<\/div><\/div>\n","protected":false},"excerpt":{"rendered":"<div class=\"mh-excerpt\"><p>El presidente Donald Trump firm\u00f3 este viernes un decreto para cambiar el nombre del Departamento de Defensa por Departamento de Guerra, diciendo a la prensa <a class=\"mh-excerpt-more\" href=\"https:\/\/interaccioninformativa.mx\/index.php\/2025\/09\/06\/por-decreto-de-trump-el-pentagono-se-convierte-en-departamento-de-guerra\/\" title=\"Por decreto de Trump, el Pent\u00e1gono se convierte en Departamento de Guerra\">[&#8230;]<\/a><\/p>\n<\/div>","protected":false},"author":1,"featured_media":1047,"comment_status":"open","ping_status":"closed","sticky":false,"template":"","format":"standard","meta":{"footnotes":""},"categories":[1],"tags":[],"class_list":["post-1046","post","type-post","status-publish","format-standard","has-post-thumbnail","hentry","category-noticias"],"_links":{"self":[{"href":"https:\/\/interaccioninformativa.mx\/index.php\/wp-json\/wp\/v2\/posts\/1046","targetHints":{"allow":["GET"]}}],"collection":[{"href":"https:\/\/interaccioninformativa.mx\/index.php\/wp-json\/wp\/v2\/posts"}],"about":[{"href":"https:\/\/interaccioninformativa.mx\/index.php\/wp-json\/wp\/v2\/types\/post"}],"author":[{"embeddable":true,"href":"https:\/\/interaccioninformativa.mx\/index.php\/wp-json\/wp\/v2\/users\/1"}],"replies":[{"embeddable":true,"href":"https:\/\/interaccioninformativa.mx\/index.php\/wp-json\/wp\/v2\/comments?post=1046"}],"version-history":[{"count":1,"href":"https:\/\/interaccioninformativa.mx\/index.php\/wp-json\/wp\/v2\/posts\/1046\/revisions"}],"predecessor-version":[{"id":1048,"href":"https:\/\/interaccioninformativa.mx\/index.php\/wp-json\/wp\/v2\/posts\/1046\/revisions\/1048"}],"wp:featuredmedia":[{"embeddable":true,"href":"https:\/\/interaccioninformativa.mx\/index.php\/wp-json\/wp\/v2\/media\/1047"}],"wp:attachment":[{"href":"https:\/\/interaccioninformativa.mx\/index.php\/wp-json\/wp\/v2\/media?parent=1046"}],"wp:term":[{"taxonomy":"category","embeddable":true,"href":"https:\/\/interaccioninformativa.mx\/index.php\/wp-json\/wp\/v2\/categories?post=1046"},{"taxonomy":"post_tag","embeddable":true,"href":"https:\/\/interaccioninformativa.mx\/index.php\/wp-json\/wp\/v2\/tags?post=1046"}],"curies":[{"name":"wp","href":"https:\/\/api.w.org\/{rel}","templated":true}]}}