{"id":1063,"date":"2025-09-07T16:09:50","date_gmt":"2025-09-07T16:09:50","guid":{"rendered":"https:\/\/interaccioninformativa.mx\/?p=1063"},"modified":"2025-09-08T18:01:03","modified_gmt":"2025-09-08T18:01:03","slug":"rayados-reciben-dos-buenas-noticias","status":"publish","type":"post","link":"https:\/\/interaccioninformativa.mx\/index.php\/2025\/09\/07\/rayados-reciben-dos-buenas-noticias\/","title":{"rendered":"Rayados reciben dos buenas noticias."},"content":{"rendered":"\n<div class=\"wp-block-media-text is-stacked-on-mobile\"><figure class=\"wp-block-media-text__media\"><img loading=\"lazy\" decoding=\"async\" width=\"768\" height=\"473\" src=\"https:\/\/interaccioninformativa.mx\/wp-content\/uploads\/2025\/09\/AA1M4FZl.png\" alt=\"\" class=\"wp-image-1064 size-full\" srcset=\"https:\/\/interaccioninformativa.mx\/wp-content\/uploads\/2025\/09\/AA1M4FZl.png 768w, https:\/\/interaccioninformativa.mx\/wp-content\/uploads\/2025\/09\/AA1M4FZl-300x185.png 300w\" sizes=\"auto, (max-width: 768px) 100vw, 768px\" \/><\/figure><div class=\"wp-block-media-text__content\">\n<p>La primera noticia positiva para Rayados tiene que ver con V\u00edctor Guzm\u00e1n. El mediocampista se reincorpor\u00f3 al grupo tras superar la lesi\u00f3n que lo hab\u00eda marginado de los partidos contra Necaxa y Puebla, as\u00ed como de la Fecha FIFA con la Selecci\u00f3n Mexicana. Aunque no se comparti\u00f3 el diagn\u00f3stico exacto, su regreso al entrenamiento sin limitaciones es un alivio para Torrent, quien contar\u00e1 con el \u2018Toro\u2019 para el duelo contra Quer\u00e9taro el domingo 14 de septiembre.<\/p>\n\n\n\n<p>La segunda buena noticia proviene de la defensa. Carlos Salcedo, quien sufri\u00f3 la rotura del ligamento cruzado de la rodilla derecha en febrero durante su primer entrenamiento con Rayados, est\u00e1 pr\u00f3ximo a recibir el alta m\u00e9dica.\u00a0Tras varios meses de rehabilitaci\u00f3n, el defensa podr\u00e1 empezar a entrenar progresivamente y ponerse a punto para debutar con Monterrey, reforzando as\u00ed la zaga del equipo.<\/p>\n<\/div><\/div>\n","protected":false},"excerpt":{"rendered":"<div class=\"mh-excerpt\"><p>La primera noticia positiva para Rayados tiene que ver con V\u00edctor Guzm\u00e1n. El mediocampista se reincorpor\u00f3 al grupo tras superar la lesi\u00f3n que lo hab\u00eda <a class=\"mh-excerpt-more\" href=\"https:\/\/interaccioninformativa.mx\/index.php\/2025\/09\/07\/rayados-reciben-dos-buenas-noticias\/\" title=\"Rayados reciben dos buenas noticias.\">[&#8230;]<\/a><\/p>\n<\/div>","protected":false},"author":1,"featured_media":1064,"comment_status":"open","ping_status":"closed","sticky":false,"template":"","format":"standard","meta":{"footnotes":""},"categories":[1],"tags":[],"class_list":["post-1063","post","type-post","status-publish","format-standard","has-post-thumbnail","hentry","category-noticias"],"_links":{"self":[{"href":"https:\/\/interaccioninformativa.mx\/index.php\/wp-json\/wp\/v2\/posts\/1063","targetHints":{"allow":["GET"]}}],"collection":[{"href":"https:\/\/interaccioninformativa.mx\/index.php\/wp-json\/wp\/v2\/posts"}],"about":[{"href":"https:\/\/interaccioninformativa.mx\/index.php\/wp-json\/wp\/v2\/types\/post"}],"author":[{"embeddable":true,"href":"https:\/\/interaccioninformativa.mx\/index.php\/wp-json\/wp\/v2\/users\/1"}],"replies":[{"embeddable":true,"href":"https:\/\/interaccioninformativa.mx\/index.php\/wp-json\/wp\/v2\/comments?post=1063"}],"version-history":[{"count":1,"href":"https:\/\/interaccioninformativa.mx\/index.php\/wp-json\/wp\/v2\/posts\/1063\/revisions"}],"predecessor-version":[{"id":1065,"href":"https:\/\/interaccioninformativa.mx\/index.php\/wp-json\/wp\/v2\/posts\/1063\/revisions\/1065"}],"wp:featuredmedia":[{"embeddable":true,"href":"https:\/\/interaccioninformativa.mx\/index.php\/wp-json\/wp\/v2\/media\/1064"}],"wp:attachment":[{"href":"https:\/\/interaccioninformativa.mx\/index.php\/wp-json\/wp\/v2\/media?parent=1063"}],"wp:term":[{"taxonomy":"category","embeddable":true,"href":"https:\/\/interaccioninformativa.mx\/index.php\/wp-json\/wp\/v2\/categories?post=1063"},{"taxonomy":"post_tag","embeddable":true,"href":"https:\/\/interaccioninformativa.mx\/index.php\/wp-json\/wp\/v2\/tags?post=1063"}],"curies":[{"name":"wp","href":"https:\/\/api.w.org\/{rel}","templated":true}]}}