{"id":1071,"date":"2025-09-08T16:35:20","date_gmt":"2025-09-08T16:35:20","guid":{"rendered":"https:\/\/interaccioninformativa.mx\/?p=1071"},"modified":"2025-09-08T17:59:26","modified_gmt":"2025-09-08T17:59:26","slug":"un-alto-mando-naval-un-exmagistrado-vinculado-al-caso-los-porkys-y-lideres-empresariales-quienes-son-los-14-arrestados-por-fraude-fiscal-en-el-caso-de-huachicol","status":"publish","type":"post","link":"https:\/\/interaccioninformativa.mx\/index.php\/2025\/09\/08\/un-alto-mando-naval-un-exmagistrado-vinculado-al-caso-los-porkys-y-lideres-empresariales-quienes-son-los-14-arrestados-por-fraude-fiscal-en-el-caso-de-huachicol\/","title":{"rendered":"Un alto mando naval, un exmagistrado vinculado al caso Los Porkys y l\u00edderes empresariales: \u00bfQui\u00e9nes son los 14 arrestados por fraude fiscal en el caso de huachicol?"},"content":{"rendered":"\n<div class=\"wp-block-media-text is-stacked-on-mobile\"><figure class=\"wp-block-media-text__media\"><img loading=\"lazy\" decoding=\"async\" width=\"992\" height=\"558\" src=\"https:\/\/interaccioninformativa.mx\/wp-content\/uploads\/2025\/09\/ALF4H7GAB5BSLLMQBG3J3V25IY.avif\" alt=\"\" class=\"wp-image-1072 size-full\" srcset=\"https:\/\/interaccioninformativa.mx\/wp-content\/uploads\/2025\/09\/ALF4H7GAB5BSLLMQBG3J3V25IY.avif 992w, https:\/\/interaccioninformativa.mx\/wp-content\/uploads\/2025\/09\/ALF4H7GAB5BSLLMQBG3J3V25IY-300x169.avif 300w, https:\/\/interaccioninformativa.mx\/wp-content\/uploads\/2025\/09\/ALF4H7GAB5BSLLMQBG3J3V25IY-768x432.avif 768w, https:\/\/interaccioninformativa.mx\/wp-content\/uploads\/2025\/09\/ALF4H7GAB5BSLLMQBG3J3V25IY-678x381.avif 678w\" sizes=\"auto, (max-width: 992px) 100vw, 992px\" \/><\/figure><div class=\"wp-block-media-text__content\">\n<p>Catorce personas, entre ellas un vicealmirante de la Secretar\u00eda de Marina, el exjuez del caso \u201cLos Porkys\u201d y varios empresarios, fueron detenidas tras un operativo federal relacionado con el decomiso de m\u00e1s de 10 millones de litros de di\u00e9sel en el puerto de Tampico, Tamaulipas, realizado en el mes de marzo. Autoridades federales informaron este domingo que los detenidos integran una red dedicada al tr\u00e1fico y traslado ilegal de hidrocarburos. Entre los arrestados figuran perfiles vinculados a la estructura militar, judicial y empresarial. De acuerdo con la informaci\u00f3n presentada por la Secretar\u00eda de Seguridad y Protecci\u00f3n Ciudadana (SSPC), encabezada por Omar Garc\u00eda Harfuch; la Secretar\u00eda de Marina (Semar), a cargo del almirante Raymundo Pedro Morales \u00c1ngeles; y la Fiscal\u00eda General de la Rep\u00fablica (FGR), dirigida por Alejandro Gertz Manero, el grupo utilizaba empresas fachada, documentos falsos y contactos en distintas instituciones para trasladar y comercializar combustible robado en grandes vol\u00famenes.<\/p>\n<\/div><\/div>\n","protected":false},"excerpt":{"rendered":"<div class=\"mh-excerpt\"><p>Catorce personas, entre ellas un vicealmirante de la Secretar\u00eda de Marina, el exjuez del caso \u201cLos Porkys\u201d y varios empresarios, fueron detenidas tras un operativo <a class=\"mh-excerpt-more\" href=\"https:\/\/interaccioninformativa.mx\/index.php\/2025\/09\/08\/un-alto-mando-naval-un-exmagistrado-vinculado-al-caso-los-porkys-y-lideres-empresariales-quienes-son-los-14-arrestados-por-fraude-fiscal-en-el-caso-de-huachicol\/\" title=\"Un alto mando naval, un exmagistrado vinculado al caso Los Porkys y l\u00edderes empresariales: \u00bfQui\u00e9nes son los 14 arrestados por fraude fiscal en el caso de huachicol?\">[&#8230;]<\/a><\/p>\n<\/div>","protected":false},"author":1,"featured_media":1072,"comment_status":"open","ping_status":"closed","sticky":false,"template":"","format":"standard","meta":{"footnotes":""},"categories":[1],"tags":[],"class_list":["post-1071","post","type-post","status-publish","format-standard","has-post-thumbnail","hentry","category-noticias"],"_links":{"self":[{"href":"https:\/\/interaccioninformativa.mx\/index.php\/wp-json\/wp\/v2\/posts\/1071","targetHints":{"allow":["GET"]}}],"collection":[{"href":"https:\/\/interaccioninformativa.mx\/index.php\/wp-json\/wp\/v2\/posts"}],"about":[{"href":"https:\/\/interaccioninformativa.mx\/index.php\/wp-json\/wp\/v2\/types\/post"}],"author":[{"embeddable":true,"href":"https:\/\/interaccioninformativa.mx\/index.php\/wp-json\/wp\/v2\/users\/1"}],"replies":[{"embeddable":true,"href":"https:\/\/interaccioninformativa.mx\/index.php\/wp-json\/wp\/v2\/comments?post=1071"}],"version-history":[{"count":1,"href":"https:\/\/interaccioninformativa.mx\/index.php\/wp-json\/wp\/v2\/posts\/1071\/revisions"}],"predecessor-version":[{"id":1073,"href":"https:\/\/interaccioninformativa.mx\/index.php\/wp-json\/wp\/v2\/posts\/1071\/revisions\/1073"}],"wp:featuredmedia":[{"embeddable":true,"href":"https:\/\/interaccioninformativa.mx\/index.php\/wp-json\/wp\/v2\/media\/1072"}],"wp:attachment":[{"href":"https:\/\/interaccioninformativa.mx\/index.php\/wp-json\/wp\/v2\/media?parent=1071"}],"wp:term":[{"taxonomy":"category","embeddable":true,"href":"https:\/\/interaccioninformativa.mx\/index.php\/wp-json\/wp\/v2\/categories?post=1071"},{"taxonomy":"post_tag","embeddable":true,"href":"https:\/\/interaccioninformativa.mx\/index.php\/wp-json\/wp\/v2\/tags?post=1071"}],"curies":[{"name":"wp","href":"https:\/\/api.w.org\/{rel}","templated":true}]}}