{"id":1074,"date":"2025-09-08T16:42:53","date_gmt":"2025-09-08T16:42:53","guid":{"rendered":"https:\/\/interaccioninformativa.mx\/?p=1074"},"modified":"2025-09-08T18:00:36","modified_gmt":"2025-09-08T18:00:36","slug":"preparate-con-ropa-gruesa-y-paraguas-el-segundo-frente-frio-desatara-heladas-extremas-y-lluvias-intensas-en-varias-regiones","status":"publish","type":"post","link":"https:\/\/interaccioninformativa.mx\/index.php\/2025\/09\/08\/preparate-con-ropa-gruesa-y-paraguas-el-segundo-frente-frio-desatara-heladas-extremas-y-lluvias-intensas-en-varias-regiones\/","title":{"rendered":"\u00a1Prep\u00e1rate con ropa gruesa y paraguas! El segundo frente fr\u00edo desatar\u00e1 heladas extremas y lluvias intensas en varias regiones."},"content":{"rendered":"\n<div class=\"wp-block-media-text is-stacked-on-mobile\"><figure class=\"wp-block-media-text__media\"><img loading=\"lazy\" decoding=\"async\" width=\"1024\" height=\"576\" src=\"https:\/\/interaccioninformativa.mx\/wp-content\/uploads\/2025\/09\/ICUZJXX5RNDSBNMM2NVWO7FIXI-1024x576.avif\" alt=\"\" class=\"wp-image-1075 size-full\" srcset=\"https:\/\/interaccioninformativa.mx\/wp-content\/uploads\/2025\/09\/ICUZJXX5RNDSBNMM2NVWO7FIXI-1024x576.avif 1024w, https:\/\/interaccioninformativa.mx\/wp-content\/uploads\/2025\/09\/ICUZJXX5RNDSBNMM2NVWO7FIXI-300x169.avif 300w, https:\/\/interaccioninformativa.mx\/wp-content\/uploads\/2025\/09\/ICUZJXX5RNDSBNMM2NVWO7FIXI-768x432.avif 768w, https:\/\/interaccioninformativa.mx\/wp-content\/uploads\/2025\/09\/ICUZJXX5RNDSBNMM2NVWO7FIXI-678x381.avif 678w, https:\/\/interaccioninformativa.mx\/wp-content\/uploads\/2025\/09\/ICUZJXX5RNDSBNMM2NVWO7FIXI.avif 1200w\" sizes=\"auto, (max-width: 1024px) 100vw, 1024px\" \/><\/figure><div class=\"wp-block-media-text__content\">\n<p>El frente fr\u00edo 2, ya instalado en M\u00e9xico, ser\u00e1 responsable de lluvias intensas y heladas en distintos estados del pa\u00eds a lo largo de la semana, seg\u00fan alert\u00f3 el Servicio Meteorol\u00f3gico de la Comisi\u00f3n Nacional del Agua (Conagua).<\/p>\n\n\n\n<p>De acuerdo con las previsiones del Servicio Meteorol\u00f3gico, para este domingo 7 de septiembre se prev\u00e9n lluvias con posibilidad de generar deslaves e inundaciones, as\u00ed como rachas de viento capaces de tirar \u00e1rboles y espectaculares.<\/p>\n\n\n\n<p>Aunque para esta semana no se prev\u00e9 el impacto o afectaciones por tormentas tropicales o huracanes, s\u00ed hay otros fen\u00f3menos que ser\u00e1n responsables de las fuertes lluvias en M\u00e9xico a lo largo del pa\u00eds.<\/p>\n<\/div><\/div>\n","protected":false},"excerpt":{"rendered":"<div class=\"mh-excerpt\"><p>El frente fr\u00edo 2, ya instalado en M\u00e9xico, ser\u00e1 responsable de lluvias intensas y heladas en distintos estados del pa\u00eds a lo largo de la <a class=\"mh-excerpt-more\" href=\"https:\/\/interaccioninformativa.mx\/index.php\/2025\/09\/08\/preparate-con-ropa-gruesa-y-paraguas-el-segundo-frente-frio-desatara-heladas-extremas-y-lluvias-intensas-en-varias-regiones\/\" title=\"\u00a1Prep\u00e1rate con ropa gruesa y paraguas! El segundo frente fr\u00edo desatar\u00e1 heladas extremas y lluvias intensas en varias regiones.\">[&#8230;]<\/a><\/p>\n<\/div>","protected":false},"author":1,"featured_media":1075,"comment_status":"open","ping_status":"closed","sticky":false,"template":"","format":"standard","meta":{"footnotes":""},"categories":[1],"tags":[],"class_list":["post-1074","post","type-post","status-publish","format-standard","has-post-thumbnail","hentry","category-noticias"],"_links":{"self":[{"href":"https:\/\/interaccioninformativa.mx\/index.php\/wp-json\/wp\/v2\/posts\/1074","targetHints":{"allow":["GET"]}}],"collection":[{"href":"https:\/\/interaccioninformativa.mx\/index.php\/wp-json\/wp\/v2\/posts"}],"about":[{"href":"https:\/\/interaccioninformativa.mx\/index.php\/wp-json\/wp\/v2\/types\/post"}],"author":[{"embeddable":true,"href":"https:\/\/interaccioninformativa.mx\/index.php\/wp-json\/wp\/v2\/users\/1"}],"replies":[{"embeddable":true,"href":"https:\/\/interaccioninformativa.mx\/index.php\/wp-json\/wp\/v2\/comments?post=1074"}],"version-history":[{"count":1,"href":"https:\/\/interaccioninformativa.mx\/index.php\/wp-json\/wp\/v2\/posts\/1074\/revisions"}],"predecessor-version":[{"id":1078,"href":"https:\/\/interaccioninformativa.mx\/index.php\/wp-json\/wp\/v2\/posts\/1074\/revisions\/1078"}],"wp:featuredmedia":[{"embeddable":true,"href":"https:\/\/interaccioninformativa.mx\/index.php\/wp-json\/wp\/v2\/media\/1075"}],"wp:attachment":[{"href":"https:\/\/interaccioninformativa.mx\/index.php\/wp-json\/wp\/v2\/media?parent=1074"}],"wp:term":[{"taxonomy":"category","embeddable":true,"href":"https:\/\/interaccioninformativa.mx\/index.php\/wp-json\/wp\/v2\/categories?post=1074"},{"taxonomy":"post_tag","embeddable":true,"href":"https:\/\/interaccioninformativa.mx\/index.php\/wp-json\/wp\/v2\/tags?post=1074"}],"curies":[{"name":"wp","href":"https:\/\/api.w.org\/{rel}","templated":true}]}}