{"id":1079,"date":"2025-09-08T16:44:15","date_gmt":"2025-09-08T16:44:15","guid":{"rendered":"https:\/\/interaccioninformativa.mx\/?p=1079"},"modified":"2025-09-08T18:00:13","modified_gmt":"2025-09-08T18:00:13","slug":"europa-denuncia-con-firmeza-el-brutal-ataque-masivo-de-rusia-a-territorio-ucraniano","status":"publish","type":"post","link":"https:\/\/interaccioninformativa.mx\/index.php\/2025\/09\/08\/europa-denuncia-con-firmeza-el-brutal-ataque-masivo-de-rusia-a-territorio-ucraniano\/","title":{"rendered":"Europa denuncia con firmeza el brutal ataque masivo de Rusia a territorio ucraniano."},"content":{"rendered":"\n<div class=\"wp-block-media-text is-stacked-on-mobile\"><figure class=\"wp-block-media-text__media\"><img loading=\"lazy\" decoding=\"async\" width=\"1024\" height=\"448\" src=\"https:\/\/interaccioninformativa.mx\/wp-content\/uploads\/2025\/09\/73909971_1004-1024x448.webp\" alt=\"\" class=\"wp-image-1080 size-full\" srcset=\"https:\/\/interaccioninformativa.mx\/wp-content\/uploads\/2025\/09\/73909971_1004-1024x448.webp 1024w, https:\/\/interaccioninformativa.mx\/wp-content\/uploads\/2025\/09\/73909971_1004-300x131.webp 300w, https:\/\/interaccioninformativa.mx\/wp-content\/uploads\/2025\/09\/73909971_1004-768x336.webp 768w, https:\/\/interaccioninformativa.mx\/wp-content\/uploads\/2025\/09\/73909971_1004.webp 1200w\" sizes=\"auto, (max-width: 1024px) 100vw, 1024px\" \/><\/figure><div class=\"wp-block-media-text__content\">\n<p>Los m\u00e1ximos representantes de la Uni\u00f3n Europea condenaron los \u00faltimos ataques con misiles y drones rusos contra Ucrania, interpret\u00e1ndolos como una prueba de la falta de voluntad del presidente Vladimir Putin para negociar.<\/p>\n\n\n\n<p>\u00abUna vez m\u00e1s, el Kremlin se burla de la diplomacia, pisotea el derecho internacional y mata indiscriminadamente\u201d, fie el mensaje que public\u00f3 este domingo (97.09.2025) la presidenta de la Comisi\u00f3n Europea, Ursula von der Leyen, en X.<\/p>\n\n\n\n<p>Por su parte, el presidente del Consejo Europeo, Ant\u00f3nio Costa, escribi\u00f3 en la misma plataforma que \u00abhablar de paz mientras se intensifican los bombardeos y se atacan edificios gubernamentales y viviendas: esta es la versi\u00f3n de Putin de la \u2018paz&#8217;\u201d.<\/p>\n<\/div><\/div>\n","protected":false},"excerpt":{"rendered":"<div class=\"mh-excerpt\"><p>Los m\u00e1ximos representantes de la Uni\u00f3n Europea condenaron los \u00faltimos ataques con misiles y drones rusos contra Ucrania, interpret\u00e1ndolos como una prueba de la falta <a class=\"mh-excerpt-more\" href=\"https:\/\/interaccioninformativa.mx\/index.php\/2025\/09\/08\/europa-denuncia-con-firmeza-el-brutal-ataque-masivo-de-rusia-a-territorio-ucraniano\/\" title=\"Europa denuncia con firmeza el brutal ataque masivo de Rusia a territorio ucraniano.\">[&#8230;]<\/a><\/p>\n<\/div>","protected":false},"author":1,"featured_media":1080,"comment_status":"open","ping_status":"closed","sticky":false,"template":"","format":"standard","meta":{"footnotes":""},"categories":[1],"tags":[],"class_list":["post-1079","post","type-post","status-publish","format-standard","has-post-thumbnail","hentry","category-noticias"],"_links":{"self":[{"href":"https:\/\/interaccioninformativa.mx\/index.php\/wp-json\/wp\/v2\/posts\/1079","targetHints":{"allow":["GET"]}}],"collection":[{"href":"https:\/\/interaccioninformativa.mx\/index.php\/wp-json\/wp\/v2\/posts"}],"about":[{"href":"https:\/\/interaccioninformativa.mx\/index.php\/wp-json\/wp\/v2\/types\/post"}],"author":[{"embeddable":true,"href":"https:\/\/interaccioninformativa.mx\/index.php\/wp-json\/wp\/v2\/users\/1"}],"replies":[{"embeddable":true,"href":"https:\/\/interaccioninformativa.mx\/index.php\/wp-json\/wp\/v2\/comments?post=1079"}],"version-history":[{"count":1,"href":"https:\/\/interaccioninformativa.mx\/index.php\/wp-json\/wp\/v2\/posts\/1079\/revisions"}],"predecessor-version":[{"id":1081,"href":"https:\/\/interaccioninformativa.mx\/index.php\/wp-json\/wp\/v2\/posts\/1079\/revisions\/1081"}],"wp:featuredmedia":[{"embeddable":true,"href":"https:\/\/interaccioninformativa.mx\/index.php\/wp-json\/wp\/v2\/media\/1080"}],"wp:attachment":[{"href":"https:\/\/interaccioninformativa.mx\/index.php\/wp-json\/wp\/v2\/media?parent=1079"}],"wp:term":[{"taxonomy":"category","embeddable":true,"href":"https:\/\/interaccioninformativa.mx\/index.php\/wp-json\/wp\/v2\/categories?post=1079"},{"taxonomy":"post_tag","embeddable":true,"href":"https:\/\/interaccioninformativa.mx\/index.php\/wp-json\/wp\/v2\/tags?post=1079"}],"curies":[{"name":"wp","href":"https:\/\/api.w.org\/{rel}","templated":true}]}}