{"id":1082,"date":"2025-09-08T16:47:29","date_gmt":"2025-09-08T16:47:29","guid":{"rendered":"https:\/\/interaccioninformativa.mx\/?p=1082"},"modified":"2025-09-08T17:58:58","modified_gmt":"2025-09-08T17:58:58","slug":"carlo-acutis-un-joven-de-italia-alcanza-la-canonizacion-y-se-convierte-en-santo","status":"publish","type":"post","link":"https:\/\/interaccioninformativa.mx\/index.php\/2025\/09\/08\/carlo-acutis-un-joven-de-italia-alcanza-la-canonizacion-y-se-convierte-en-santo\/","title":{"rendered":"Carlo Acutis, un joven de Italia, alcanza la canonizaci\u00f3n y se convierte en santo."},"content":{"rendered":"\n<div class=\"wp-block-media-text is-stacked-on-mobile\"><figure class=\"wp-block-media-text__media\"><img loading=\"lazy\" decoding=\"async\" width=\"1024\" height=\"448\" src=\"https:\/\/interaccioninformativa.mx\/wp-content\/uploads\/2025\/09\/73909473_1004-1024x448.webp\" alt=\"\" class=\"wp-image-1083 size-full\" srcset=\"https:\/\/interaccioninformativa.mx\/wp-content\/uploads\/2025\/09\/73909473_1004-1024x448.webp 1024w, https:\/\/interaccioninformativa.mx\/wp-content\/uploads\/2025\/09\/73909473_1004-300x131.webp 300w, https:\/\/interaccioninformativa.mx\/wp-content\/uploads\/2025\/09\/73909473_1004-768x336.webp 768w, https:\/\/interaccioninformativa.mx\/wp-content\/uploads\/2025\/09\/73909473_1004.webp 1200w\" sizes=\"auto, (max-width: 1024px) 100vw, 1024px\" \/><\/figure><div class=\"wp-block-media-text__content\">\n<p>El papa Le\u00f3n XIV canoniz\u00f3 este domingo (07.09.2025) en una ceremonia en la Plaza de San Pedro del Vaticano ante decenas de miles de fieles a Carlo Acutis, el joven que muri\u00f3 en 2006 a los 15 a\u00f1os y que se convierte as\u00ed en el primer santo milenial y ya conocido como el \u00abpatr\u00f3n de Internet\u00bb, \u00abel influencer de Dios\u00bb o \u00abel ciberap\u00f3stol\u00bb, por haber utilizado el web para hablar de religi\u00f3n a sus coet\u00e1neos. En la ceremonia, el pont\u00edfice tambi\u00e9n canoniz\u00f3 a otro italiano fallecido muy joven, el estudiante Pier Giorgio Frassati (1901-1925), apasionado del alpinismo, conocido por su compromiso social y espiritual.<\/p>\n\n\n\n<p>\u00abLos santos Pier Giorgio Frassati y Carlo Acutis son una invitaci\u00f3n para todos nosotros, sobre todo para los j\u00f3venes, a no malgastar la vida, sino a orientarla hacia lo alto y hacer de ella una obra maestra. Nos animan con sus palabras: &#8216;No yo, sino Dios&#8217;, dec\u00eda Carlo y Pier Giorgio: &#8216;Si tienes a Dios como centro de todas tus acciones, entonces llegar\u00e1s hasta el final&#8217;, dijo el pont\u00edfice estadounidense en la homil\u00eda de su primera canonizaci\u00f3n.<\/p>\n\n\n\n<p>\u00ab\u00a1Me alegra ver a tantos j\u00f3venes!\u00bb celebr\u00f3 el Papa pocos minutos antes del inicio de la ceremonia. Uno de ellos, Filippo Bellaviti, de 17 a\u00f1os, declar\u00f3 a AFP: \u00abCarlo Acutis fue un ejemplo para m\u00ed, porque supo combinar su vida cotidiana -la escuela, el f\u00fatbol y su pasi\u00f3n por la inform\u00e1tica- con una fe inquebrantable\u00bb.<\/p>\n<\/div><\/div>\n","protected":false},"excerpt":{"rendered":"<div class=\"mh-excerpt\"><p>El papa Le\u00f3n XIV canoniz\u00f3 este domingo (07.09.2025) en una ceremonia en la Plaza de San Pedro del Vaticano ante decenas de miles de fieles <a class=\"mh-excerpt-more\" href=\"https:\/\/interaccioninformativa.mx\/index.php\/2025\/09\/08\/carlo-acutis-un-joven-de-italia-alcanza-la-canonizacion-y-se-convierte-en-santo\/\" title=\"Carlo Acutis, un joven de Italia, alcanza la canonizaci\u00f3n y se convierte en santo.\">[&#8230;]<\/a><\/p>\n<\/div>","protected":false},"author":1,"featured_media":1083,"comment_status":"open","ping_status":"closed","sticky":false,"template":"","format":"standard","meta":{"footnotes":""},"categories":[1],"tags":[],"class_list":["post-1082","post","type-post","status-publish","format-standard","has-post-thumbnail","hentry","category-noticias"],"_links":{"self":[{"href":"https:\/\/interaccioninformativa.mx\/index.php\/wp-json\/wp\/v2\/posts\/1082","targetHints":{"allow":["GET"]}}],"collection":[{"href":"https:\/\/interaccioninformativa.mx\/index.php\/wp-json\/wp\/v2\/posts"}],"about":[{"href":"https:\/\/interaccioninformativa.mx\/index.php\/wp-json\/wp\/v2\/types\/post"}],"author":[{"embeddable":true,"href":"https:\/\/interaccioninformativa.mx\/index.php\/wp-json\/wp\/v2\/users\/1"}],"replies":[{"embeddable":true,"href":"https:\/\/interaccioninformativa.mx\/index.php\/wp-json\/wp\/v2\/comments?post=1082"}],"version-history":[{"count":1,"href":"https:\/\/interaccioninformativa.mx\/index.php\/wp-json\/wp\/v2\/posts\/1082\/revisions"}],"predecessor-version":[{"id":1084,"href":"https:\/\/interaccioninformativa.mx\/index.php\/wp-json\/wp\/v2\/posts\/1082\/revisions\/1084"}],"wp:featuredmedia":[{"embeddable":true,"href":"https:\/\/interaccioninformativa.mx\/index.php\/wp-json\/wp\/v2\/media\/1083"}],"wp:attachment":[{"href":"https:\/\/interaccioninformativa.mx\/index.php\/wp-json\/wp\/v2\/media?parent=1082"}],"wp:term":[{"taxonomy":"category","embeddable":true,"href":"https:\/\/interaccioninformativa.mx\/index.php\/wp-json\/wp\/v2\/categories?post=1082"},{"taxonomy":"post_tag","embeddable":true,"href":"https:\/\/interaccioninformativa.mx\/index.php\/wp-json\/wp\/v2\/tags?post=1082"}],"curies":[{"name":"wp","href":"https:\/\/api.w.org\/{rel}","templated":true}]}}