{"id":1085,"date":"2025-09-05T17:16:30","date_gmt":"2025-09-05T17:16:30","guid":{"rendered":"https:\/\/interaccioninformativa.mx\/?p=1085"},"modified":"2025-09-08T17:57:27","modified_gmt":"2025-09-08T17:57:27","slug":"atencion-movilizaciones-y-protestas-programadas-para-este-5-de-septiembre-de-2025-en-la-cdmx","status":"publish","type":"post","link":"https:\/\/interaccioninformativa.mx\/index.php\/2025\/09\/05\/atencion-movilizaciones-y-protestas-programadas-para-este-5-de-septiembre-de-2025-en-la-cdmx\/","title":{"rendered":"Atenci\u00f3n! Movilizaciones y protestas programadas para este 5 de septiembre de 2025 en la CDMX."},"content":{"rendered":"\n<div class=\"wp-block-media-text is-stacked-on-mobile\"><figure class=\"wp-block-media-text__media\"><img loading=\"lazy\" decoding=\"async\" width=\"1024\" height=\"576\" src=\"https:\/\/interaccioninformativa.mx\/wp-content\/uploads\/2025\/09\/bloqueo-cdmx20281329-1024x576.webp\" alt=\"\" class=\"wp-image-1086 size-full\" srcset=\"https:\/\/interaccioninformativa.mx\/wp-content\/uploads\/2025\/09\/bloqueo-cdmx20281329-1024x576.webp 1024w, https:\/\/interaccioninformativa.mx\/wp-content\/uploads\/2025\/09\/bloqueo-cdmx20281329-300x169.webp 300w, https:\/\/interaccioninformativa.mx\/wp-content\/uploads\/2025\/09\/bloqueo-cdmx20281329-768x432.webp 768w, https:\/\/interaccioninformativa.mx\/wp-content\/uploads\/2025\/09\/bloqueo-cdmx20281329-678x381.webp 678w, https:\/\/interaccioninformativa.mx\/wp-content\/uploads\/2025\/09\/bloqueo-cdmx20281329.webp 1440w\" sizes=\"auto, (max-width: 1024px) 100vw, 1024px\" \/><\/figure><div class=\"wp-block-media-text__content\">\n<p>Para que no se te haga tarde al realizar tus actividades y puedas planear tus trayectos, te compartimos la informaci\u00f3n de la Secretar\u00eda de Seguridad Ciudadana (SSC) de las marchas y concentraciones que se tienen registradas para hoy viernes 5 de septiembre de 2025.<\/p>\n\n\n\n<p>Asimismo, puedes seguir todos los canales de N+ donde encontrar\u00e1s la informaci\u00f3n m\u00e1s actualizada y las \u00faltimas noticias del tr\u00e1nsito en la CDMX, incidentes viales, bloqueos, marchas y reportes del Metro y Metrob\u00fas.<\/p>\n\n\n\n<p>Las autoridades capitalinas esperan 1 marcha, 9 concentraciones, 4 rodadas motociclistas, 1 rodada ciclista y 18 eventos de esparcimiento durante la jornada de este viernes en la capital del pa\u00eds.<\/p>\n\n\n\n<p>Marcha<br>Cuauht\u00e9moc<br>09:00 Horas. Artesanos Mazahuas de la Ciudad de M\u00e9xico marchar\u00e1n de la Glorieta de la Joven Amajac con destino al Z\u00f3calo capitalino en el marco del D\u00eda Internacional de la Mujer Ind\u00edgena.<\/p>\n\n\n\n<p>Concentraciones<br>Cuauht\u00e9moc<br>10:00 Horas. El Colectivo \u201cLa Comuna 4:20\u201d se concentrar\u00e1 en el Congreso de la Ciudad de M\u00e9xico.<br>12:00 Horas. En el Parque \u201cFrancisco Primo de Verdad y Ramos\u201d y en el Jard\u00edn \u201cLuis Pasteur\u201d.<\/p>\n<\/div><\/div>\n","protected":false},"excerpt":{"rendered":"<div class=\"mh-excerpt\"><p>Para que no se te haga tarde al realizar tus actividades y puedas planear tus trayectos, te compartimos la informaci\u00f3n de la Secretar\u00eda de Seguridad <a class=\"mh-excerpt-more\" href=\"https:\/\/interaccioninformativa.mx\/index.php\/2025\/09\/05\/atencion-movilizaciones-y-protestas-programadas-para-este-5-de-septiembre-de-2025-en-la-cdmx\/\" title=\"Atenci\u00f3n! Movilizaciones y protestas programadas para este 5 de septiembre de 2025 en la CDMX.\">[&#8230;]<\/a><\/p>\n<\/div>","protected":false},"author":1,"featured_media":1086,"comment_status":"open","ping_status":"closed","sticky":false,"template":"","format":"standard","meta":{"footnotes":""},"categories":[1],"tags":[],"class_list":["post-1085","post","type-post","status-publish","format-standard","has-post-thumbnail","hentry","category-noticias"],"_links":{"self":[{"href":"https:\/\/interaccioninformativa.mx\/index.php\/wp-json\/wp\/v2\/posts\/1085","targetHints":{"allow":["GET"]}}],"collection":[{"href":"https:\/\/interaccioninformativa.mx\/index.php\/wp-json\/wp\/v2\/posts"}],"about":[{"href":"https:\/\/interaccioninformativa.mx\/index.php\/wp-json\/wp\/v2\/types\/post"}],"author":[{"embeddable":true,"href":"https:\/\/interaccioninformativa.mx\/index.php\/wp-json\/wp\/v2\/users\/1"}],"replies":[{"embeddable":true,"href":"https:\/\/interaccioninformativa.mx\/index.php\/wp-json\/wp\/v2\/comments?post=1085"}],"version-history":[{"count":1,"href":"https:\/\/interaccioninformativa.mx\/index.php\/wp-json\/wp\/v2\/posts\/1085\/revisions"}],"predecessor-version":[{"id":1087,"href":"https:\/\/interaccioninformativa.mx\/index.php\/wp-json\/wp\/v2\/posts\/1085\/revisions\/1087"}],"wp:featuredmedia":[{"embeddable":true,"href":"https:\/\/interaccioninformativa.mx\/index.php\/wp-json\/wp\/v2\/media\/1086"}],"wp:attachment":[{"href":"https:\/\/interaccioninformativa.mx\/index.php\/wp-json\/wp\/v2\/media?parent=1085"}],"wp:term":[{"taxonomy":"category","embeddable":true,"href":"https:\/\/interaccioninformativa.mx\/index.php\/wp-json\/wp\/v2\/categories?post=1085"},{"taxonomy":"post_tag","embeddable":true,"href":"https:\/\/interaccioninformativa.mx\/index.php\/wp-json\/wp\/v2\/tags?post=1085"}],"curies":[{"name":"wp","href":"https:\/\/api.w.org\/{rel}","templated":true}]}}