{"id":1110,"date":"2025-09-10T16:50:50","date_gmt":"2025-09-10T16:50:50","guid":{"rendered":"https:\/\/interaccioninformativa.mx\/?p=1110"},"modified":"2025-09-10T16:50:50","modified_gmt":"2025-09-10T16:50:50","slug":"sinaloa-bajo-fuego-el-saldo-de-detenciones-y-muertes-en-un-ano-de-guerra-entre-narcotraficantes","status":"publish","type":"post","link":"https:\/\/interaccioninformativa.mx\/index.php\/2025\/09\/10\/sinaloa-bajo-fuego-el-saldo-de-detenciones-y-muertes-en-un-ano-de-guerra-entre-narcotraficantes\/","title":{"rendered":"Sinaloa bajo fuego: el saldo de detenciones y muertes en un a\u00f1o de guerra entre narcotraficantes."},"content":{"rendered":"\n<div class=\"wp-block-media-text is-stacked-on-mobile\"><figure class=\"wp-block-media-text__media\"><img loading=\"lazy\" decoding=\"async\" width=\"992\" height=\"558\" src=\"https:\/\/interaccioninformativa.mx\/wp-content\/uploads\/2025\/09\/EMVEXT2GY5AGTH34F5RB2AABEE.avif\" alt=\"\" class=\"wp-image-1111 size-full\" srcset=\"https:\/\/interaccioninformativa.mx\/wp-content\/uploads\/2025\/09\/EMVEXT2GY5AGTH34F5RB2AABEE.avif 992w, https:\/\/interaccioninformativa.mx\/wp-content\/uploads\/2025\/09\/EMVEXT2GY5AGTH34F5RB2AABEE-300x169.avif 300w, https:\/\/interaccioninformativa.mx\/wp-content\/uploads\/2025\/09\/EMVEXT2GY5AGTH34F5RB2AABEE-768x432.avif 768w, https:\/\/interaccioninformativa.mx\/wp-content\/uploads\/2025\/09\/EMVEXT2GY5AGTH34F5RB2AABEE-678x381.avif 678w\" sizes=\"auto, (max-width: 992px) 100vw, 992px\" \/><\/figure><div class=\"wp-block-media-text__content\">\n<p>El 9 de septiembre de 2024 marc\u00f3 el inicio de una guerra interna en el C\u00e1rtel de Sinaloa que, tras un a\u00f1o de enfrentamientos entre las facciones de Los Chapitos y Los Mayos, dej\u00f3 un saldo de mil 850 personas asesinadas (de acuerdo con los \u00faltimos reportes de seguridad), m\u00e1s de mil 800 desapariciones forzadas y un clima de inseguridad que transform\u00f3 la vida cotidiana y econ\u00f3mica de Sinaloa.<\/p>\n\n\n\n<p>El conflicto entre estos dos grupos rivales gener\u00f3 una ola de violencia que afecta tanto a zonas urbanas como rurales. Las cifras oficiales revelan que en este periodo, 46 integrantes de corporaciones de seguridad (incluidos polic\u00edas municipales, estatales, agentes de investigaci\u00f3n y federales) perdieron la vida, 33 de ellos en Culiac\u00e1n.<\/p>\n<\/div><\/div>\n","protected":false},"excerpt":{"rendered":"<div class=\"mh-excerpt\"><p>El 9 de septiembre de 2024 marc\u00f3 el inicio de una guerra interna en el C\u00e1rtel de Sinaloa que, tras un a\u00f1o de enfrentamientos entre <a class=\"mh-excerpt-more\" href=\"https:\/\/interaccioninformativa.mx\/index.php\/2025\/09\/10\/sinaloa-bajo-fuego-el-saldo-de-detenciones-y-muertes-en-un-ano-de-guerra-entre-narcotraficantes\/\" title=\"Sinaloa bajo fuego: el saldo de detenciones y muertes en un a\u00f1o de guerra entre narcotraficantes.\">[&#8230;]<\/a><\/p>\n<\/div>","protected":false},"author":1,"featured_media":1111,"comment_status":"open","ping_status":"closed","sticky":false,"template":"","format":"standard","meta":{"footnotes":""},"categories":[1],"tags":[],"class_list":["post-1110","post","type-post","status-publish","format-standard","has-post-thumbnail","hentry","category-noticias"],"_links":{"self":[{"href":"https:\/\/interaccioninformativa.mx\/index.php\/wp-json\/wp\/v2\/posts\/1110","targetHints":{"allow":["GET"]}}],"collection":[{"href":"https:\/\/interaccioninformativa.mx\/index.php\/wp-json\/wp\/v2\/posts"}],"about":[{"href":"https:\/\/interaccioninformativa.mx\/index.php\/wp-json\/wp\/v2\/types\/post"}],"author":[{"embeddable":true,"href":"https:\/\/interaccioninformativa.mx\/index.php\/wp-json\/wp\/v2\/users\/1"}],"replies":[{"embeddable":true,"href":"https:\/\/interaccioninformativa.mx\/index.php\/wp-json\/wp\/v2\/comments?post=1110"}],"version-history":[{"count":1,"href":"https:\/\/interaccioninformativa.mx\/index.php\/wp-json\/wp\/v2\/posts\/1110\/revisions"}],"predecessor-version":[{"id":1112,"href":"https:\/\/interaccioninformativa.mx\/index.php\/wp-json\/wp\/v2\/posts\/1110\/revisions\/1112"}],"wp:featuredmedia":[{"embeddable":true,"href":"https:\/\/interaccioninformativa.mx\/index.php\/wp-json\/wp\/v2\/media\/1111"}],"wp:attachment":[{"href":"https:\/\/interaccioninformativa.mx\/index.php\/wp-json\/wp\/v2\/media?parent=1110"}],"wp:term":[{"taxonomy":"category","embeddable":true,"href":"https:\/\/interaccioninformativa.mx\/index.php\/wp-json\/wp\/v2\/categories?post=1110"},{"taxonomy":"post_tag","embeddable":true,"href":"https:\/\/interaccioninformativa.mx\/index.php\/wp-json\/wp\/v2\/tags?post=1110"}],"curies":[{"name":"wp","href":"https:\/\/api.w.org\/{rel}","templated":true}]}}