{"id":1114,"date":"2025-09-10T17:01:37","date_gmt":"2025-09-10T17:01:37","guid":{"rendered":"https:\/\/interaccioninformativa.mx\/?p=1114"},"modified":"2025-09-10T17:01:37","modified_gmt":"2025-09-10T17:01:37","slug":"angustia-y-enojo-entre-quienes-sobrevivieron-al-choque-en-atlacomulco-temi-que-el-camion-fuera-a-explotar","status":"publish","type":"post","link":"https:\/\/interaccioninformativa.mx\/index.php\/2025\/09\/10\/angustia-y-enojo-entre-quienes-sobrevivieron-al-choque-en-atlacomulco-temi-que-el-camion-fuera-a-explotar\/","title":{"rendered":"Angustia y enojo entre quienes sobrevivieron al choque en Atlacomulco: \u201cTem\u00ed que el cami\u00f3n fuera a explotar\u201d."},"content":{"rendered":"\n<div class=\"wp-block-media-text is-stacked-on-mobile\"><figure class=\"wp-block-media-text__media\"><img loading=\"lazy\" decoding=\"async\" width=\"1024\" height=\"576\" src=\"https:\/\/interaccioninformativa.mx\/wp-content\/uploads\/2025\/09\/BWZQAQIR7JBVRNC6YJ3K7XS3FE-1024x576.avif\" alt=\"\" class=\"wp-image-1115 size-full\" srcset=\"https:\/\/interaccioninformativa.mx\/wp-content\/uploads\/2025\/09\/BWZQAQIR7JBVRNC6YJ3K7XS3FE-1024x576.avif 1024w, https:\/\/interaccioninformativa.mx\/wp-content\/uploads\/2025\/09\/BWZQAQIR7JBVRNC6YJ3K7XS3FE-300x169.avif 300w, https:\/\/interaccioninformativa.mx\/wp-content\/uploads\/2025\/09\/BWZQAQIR7JBVRNC6YJ3K7XS3FE-768x432.avif 768w, https:\/\/interaccioninformativa.mx\/wp-content\/uploads\/2025\/09\/BWZQAQIR7JBVRNC6YJ3K7XS3FE-678x381.avif 678w, https:\/\/interaccioninformativa.mx\/wp-content\/uploads\/2025\/09\/BWZQAQIR7JBVRNC6YJ3K7XS3FE.avif 1200w\" sizes=\"auto, (max-width: 1024px) 100vw, 1024px\" \/><\/figure><div class=\"wp-block-media-text__content\">\n<p>En el Hospital General de Atlacomulco solo se escuchan los murmullos de los familiares que contienen el aliento y los gritos de la polic\u00eda que anuncia nombres por meg\u00e1fono. Jos\u00e9 Ram\u00edrez no quita ojo de la puerta, esperando a que digan el nombre de su hija, Azucena. La ma\u00f1ana de este lunes fue a llevarla a la estaci\u00f3n de autob\u00fas de San Felipe del Progreso, en el Estado de M\u00e9xico, para que la joven de 22 a\u00f1os tomara el cami\u00f3n de las 06.00 de la ma\u00f1ana y pudiera llegar a su trabajo de empleada dom\u00e9stica en la Ciudad de M\u00e9xico. Alrededor de una hora despu\u00e9s, su hija consigui\u00f3 llamarle y decirle que el bus de dos pisos hab\u00eda tenido un accidente sobre las v\u00edas del tren. Cuando Ram\u00edrez lleg\u00f3, vio los cuerpos tendidos al lado del tren detenido, junto al autob\u00fas en el que viajaba su hija partido en tres.<\/p>\n<\/div><\/div>\n","protected":false},"excerpt":{"rendered":"<div class=\"mh-excerpt\"><p>En el Hospital General de Atlacomulco solo se escuchan los murmullos de los familiares que contienen el aliento y los gritos de la polic\u00eda que <a class=\"mh-excerpt-more\" href=\"https:\/\/interaccioninformativa.mx\/index.php\/2025\/09\/10\/angustia-y-enojo-entre-quienes-sobrevivieron-al-choque-en-atlacomulco-temi-que-el-camion-fuera-a-explotar\/\" title=\"Angustia y enojo entre quienes sobrevivieron al choque en Atlacomulco: \u201cTem\u00ed que el cami\u00f3n fuera a explotar\u201d.\">[&#8230;]<\/a><\/p>\n<\/div>","protected":false},"author":1,"featured_media":1115,"comment_status":"open","ping_status":"closed","sticky":false,"template":"","format":"standard","meta":{"footnotes":""},"categories":[1],"tags":[],"class_list":["post-1114","post","type-post","status-publish","format-standard","has-post-thumbnail","hentry","category-noticias"],"_links":{"self":[{"href":"https:\/\/interaccioninformativa.mx\/index.php\/wp-json\/wp\/v2\/posts\/1114","targetHints":{"allow":["GET"]}}],"collection":[{"href":"https:\/\/interaccioninformativa.mx\/index.php\/wp-json\/wp\/v2\/posts"}],"about":[{"href":"https:\/\/interaccioninformativa.mx\/index.php\/wp-json\/wp\/v2\/types\/post"}],"author":[{"embeddable":true,"href":"https:\/\/interaccioninformativa.mx\/index.php\/wp-json\/wp\/v2\/users\/1"}],"replies":[{"embeddable":true,"href":"https:\/\/interaccioninformativa.mx\/index.php\/wp-json\/wp\/v2\/comments?post=1114"}],"version-history":[{"count":1,"href":"https:\/\/interaccioninformativa.mx\/index.php\/wp-json\/wp\/v2\/posts\/1114\/revisions"}],"predecessor-version":[{"id":1116,"href":"https:\/\/interaccioninformativa.mx\/index.php\/wp-json\/wp\/v2\/posts\/1114\/revisions\/1116"}],"wp:featuredmedia":[{"embeddable":true,"href":"https:\/\/interaccioninformativa.mx\/index.php\/wp-json\/wp\/v2\/media\/1115"}],"wp:attachment":[{"href":"https:\/\/interaccioninformativa.mx\/index.php\/wp-json\/wp\/v2\/media?parent=1114"}],"wp:term":[{"taxonomy":"category","embeddable":true,"href":"https:\/\/interaccioninformativa.mx\/index.php\/wp-json\/wp\/v2\/categories?post=1114"},{"taxonomy":"post_tag","embeddable":true,"href":"https:\/\/interaccioninformativa.mx\/index.php\/wp-json\/wp\/v2\/tags?post=1114"}],"curies":[{"name":"wp","href":"https:\/\/api.w.org\/{rel}","templated":true}]}}