{"id":1121,"date":"2025-09-11T16:32:36","date_gmt":"2025-09-11T16:32:36","guid":{"rendered":"https:\/\/interaccioninformativa.mx\/?p=1121"},"modified":"2025-09-12T16:33:01","modified_gmt":"2025-09-12T16:33:01","slug":"un-tragico-estallido-de-un-camion-cargado-de-gas-en-la-cdmx-cobra-la-vida-de-al-menos-9-personas-con-55-aun-en-el-hospital","status":"publish","type":"post","link":"https:\/\/interaccioninformativa.mx\/index.php\/2025\/09\/11\/un-tragico-estallido-de-un-camion-cargado-de-gas-en-la-cdmx-cobra-la-vida-de-al-menos-9-personas-con-55-aun-en-el-hospital\/","title":{"rendered":"Un tr\u00e1gico estallido de un cami\u00f3n cargado de gas en la CDMX cobra la vida de al menos 9 personas, con 55 a\u00fan en el hospital."},"content":{"rendered":"\n<div class=\"wp-block-media-text is-stacked-on-mobile\"><figure class=\"wp-block-media-text__media\"><img loading=\"lazy\" decoding=\"async\" width=\"928\" height=\"560\" src=\"https:\/\/interaccioninformativa.mx\/wp-content\/uploads\/2025\/09\/explosion-de-camion-de-gas-en-mexico.jpg\" alt=\"\" class=\"wp-image-1122 size-full\" srcset=\"https:\/\/interaccioninformativa.mx\/wp-content\/uploads\/2025\/09\/explosion-de-camion-de-gas-en-mexico.jpg 928w, https:\/\/interaccioninformativa.mx\/wp-content\/uploads\/2025\/09\/explosion-de-camion-de-gas-en-mexico-300x181.jpg 300w, https:\/\/interaccioninformativa.mx\/wp-content\/uploads\/2025\/09\/explosion-de-camion-de-gas-en-mexico-768x463.jpg 768w\" sizes=\"auto, (max-width: 928px) 100vw, 928px\" \/><\/figure><div class=\"wp-block-media-text__content\">\n<p>La secretaria de Gesti\u00f3n Integral de Riesgos y Protecci\u00f3n Civil (SGIRPC), Myriam Urz\u00faa, inform\u00f3 el traslado de 18 personas heridas por quemaduras de segundo a tercer grado luego de la explosi\u00f3n de un cami\u00f3n de gas en el Puente de la Concordia de Iztapalapa. Desde el lugar de los hechos, Urz\u00faa Venegas a\u00f1adi\u00f3 que fueron afectados 18 veh\u00edculos, el cami\u00f3n es de una capacidad de 49 mil 500 litros (13 mil galones), explot\u00f3 tras volcar y no registra fallecidos.<\/p>\n\n\n\n<p>El texto original de este art\u00edculo fue publicado por la Agencia Quadrat\u00edn en la siguiente direcci\u00f3n: <\/p>\n\n\n\n<p>Este contenido se encuentra protegido por la ley. Si lo cita, por favor mencione la fuente y haga un enlace a la nota original de donde usted lo ha tomado. Agencia Quadrat\u00edn.<\/p>\n<\/div><\/div>\n","protected":false},"excerpt":{"rendered":"<div class=\"mh-excerpt\"><p>La secretaria de Gesti\u00f3n Integral de Riesgos y Protecci\u00f3n Civil (SGIRPC), Myriam Urz\u00faa, inform\u00f3 el traslado de 18 personas heridas por quemaduras de segundo a <a class=\"mh-excerpt-more\" href=\"https:\/\/interaccioninformativa.mx\/index.php\/2025\/09\/11\/un-tragico-estallido-de-un-camion-cargado-de-gas-en-la-cdmx-cobra-la-vida-de-al-menos-9-personas-con-55-aun-en-el-hospital\/\" title=\"Un tr\u00e1gico estallido de un cami\u00f3n cargado de gas en la CDMX cobra la vida de al menos 9 personas, con 55 a\u00fan en el hospital.\">[&#8230;]<\/a><\/p>\n<\/div>","protected":false},"author":1,"featured_media":1122,"comment_status":"open","ping_status":"closed","sticky":false,"template":"","format":"standard","meta":{"footnotes":""},"categories":[1],"tags":[],"class_list":["post-1121","post","type-post","status-publish","format-standard","has-post-thumbnail","hentry","category-noticias"],"_links":{"self":[{"href":"https:\/\/interaccioninformativa.mx\/index.php\/wp-json\/wp\/v2\/posts\/1121","targetHints":{"allow":["GET"]}}],"collection":[{"href":"https:\/\/interaccioninformativa.mx\/index.php\/wp-json\/wp\/v2\/posts"}],"about":[{"href":"https:\/\/interaccioninformativa.mx\/index.php\/wp-json\/wp\/v2\/types\/post"}],"author":[{"embeddable":true,"href":"https:\/\/interaccioninformativa.mx\/index.php\/wp-json\/wp\/v2\/users\/1"}],"replies":[{"embeddable":true,"href":"https:\/\/interaccioninformativa.mx\/index.php\/wp-json\/wp\/v2\/comments?post=1121"}],"version-history":[{"count":2,"href":"https:\/\/interaccioninformativa.mx\/index.php\/wp-json\/wp\/v2\/posts\/1121\/revisions"}],"predecessor-version":[{"id":1124,"href":"https:\/\/interaccioninformativa.mx\/index.php\/wp-json\/wp\/v2\/posts\/1121\/revisions\/1124"}],"wp:featuredmedia":[{"embeddable":true,"href":"https:\/\/interaccioninformativa.mx\/index.php\/wp-json\/wp\/v2\/media\/1122"}],"wp:attachment":[{"href":"https:\/\/interaccioninformativa.mx\/index.php\/wp-json\/wp\/v2\/media?parent=1121"}],"wp:term":[{"taxonomy":"category","embeddable":true,"href":"https:\/\/interaccioninformativa.mx\/index.php\/wp-json\/wp\/v2\/categories?post=1121"},{"taxonomy":"post_tag","embeddable":true,"href":"https:\/\/interaccioninformativa.mx\/index.php\/wp-json\/wp\/v2\/tags?post=1121"}],"curies":[{"name":"wp","href":"https:\/\/api.w.org\/{rel}","templated":true}]}}