{"id":1126,"date":"2025-09-11T16:37:02","date_gmt":"2025-09-11T16:37:02","guid":{"rendered":"https:\/\/interaccioninformativa.mx\/?p=1126"},"modified":"2025-09-12T16:37:09","modified_gmt":"2025-09-12T16:37:09","slug":"los-egresados-de-programas-de-licenciatura-y-posgrado-avanzan-con-firmeza-hacia-un-nuevo-capitulo-en-su-trayectoria-profesional","status":"publish","type":"post","link":"https:\/\/interaccioninformativa.mx\/index.php\/2025\/09\/11\/los-egresados-de-programas-de-licenciatura-y-posgrado-avanzan-con-firmeza-hacia-un-nuevo-capitulo-en-su-trayectoria-profesional\/","title":{"rendered":"Los egresados de programas de Licenciatura y Posgrado avanzan con firmeza hacia un nuevo cap\u00edtulo en su trayectoria profesional."},"content":{"rendered":"\n<div class=\"wp-block-media-text is-stacked-on-mobile\"><figure class=\"wp-block-media-text__media\"><img loading=\"lazy\" decoding=\"async\" width=\"1000\" height=\"667\" src=\"https:\/\/interaccioninformativa.mx\/wp-content\/uploads\/2025\/09\/11-09-2025-16_27_03grupal2.jpg\" alt=\"\" class=\"wp-image-1127 size-full\" srcset=\"https:\/\/interaccioninformativa.mx\/wp-content\/uploads\/2025\/09\/11-09-2025-16_27_03grupal2.jpg 1000w, https:\/\/interaccioninformativa.mx\/wp-content\/uploads\/2025\/09\/11-09-2025-16_27_03grupal2-300x200.jpg 300w, https:\/\/interaccioninformativa.mx\/wp-content\/uploads\/2025\/09\/11-09-2025-16_27_03grupal2-768x512.jpg 768w\" sizes=\"auto, (max-width: 1000px) 100vw, 1000px\" \/><\/figure><div class=\"wp-block-media-text__content\">\n<p>Universidad Xochicalco, campus Mexicali celebr\u00f3 con gran orgullo la culminaci\u00f3n de una etapa trascendental en la formaci\u00f3n acad\u00e9mica de sus egresados de licenciatura y posgrados, mediante la ceremonia solemne del Acto Acad\u00e9mico septiembre 2025. Este evento represent\u00f3 no solo el cierre de un ciclo, sino tambi\u00e9n el inicio de nuevas oportunidades, desaf\u00edos y metas por alcanzar.<\/p>\n\n\n\n<p>La ceremonia fue presidida por el rector de Universidad Xochicalco, Mtro. Jorge Mario Pi\u00f1uelas Osuna, acompa\u00f1ado por el vicerrector del campus Mexicali, Mtro. Rafael Hern\u00e1ndez Murrieta; el director Acad\u00e9mico, Mtro. Ramiro Cavazos Liljehult; el director de Posgrados y Educaci\u00f3n Continua, Mtro. Hember Monroy Berm\u00fadez, y como invitada especial, la Mtra. Senorina Guzm\u00e1n Higuera, distinguida como Egresada con Huella.<\/p>\n<\/div><\/div>\n","protected":false},"excerpt":{"rendered":"<div class=\"mh-excerpt\"><p>Universidad Xochicalco, campus Mexicali celebr\u00f3 con gran orgullo la culminaci\u00f3n de una etapa trascendental en la formaci\u00f3n acad\u00e9mica de sus egresados de licenciatura y posgrados, <a class=\"mh-excerpt-more\" href=\"https:\/\/interaccioninformativa.mx\/index.php\/2025\/09\/11\/los-egresados-de-programas-de-licenciatura-y-posgrado-avanzan-con-firmeza-hacia-un-nuevo-capitulo-en-su-trayectoria-profesional\/\" title=\"Los egresados de programas de Licenciatura y Posgrado avanzan con firmeza hacia un nuevo cap\u00edtulo en su trayectoria profesional.\">[&#8230;]<\/a><\/p>\n<\/div>","protected":false},"author":1,"featured_media":1127,"comment_status":"open","ping_status":"closed","sticky":false,"template":"","format":"standard","meta":{"footnotes":""},"categories":[1],"tags":[],"class_list":["post-1126","post","type-post","status-publish","format-standard","has-post-thumbnail","hentry","category-noticias"],"_links":{"self":[{"href":"https:\/\/interaccioninformativa.mx\/index.php\/wp-json\/wp\/v2\/posts\/1126","targetHints":{"allow":["GET"]}}],"collection":[{"href":"https:\/\/interaccioninformativa.mx\/index.php\/wp-json\/wp\/v2\/posts"}],"about":[{"href":"https:\/\/interaccioninformativa.mx\/index.php\/wp-json\/wp\/v2\/types\/post"}],"author":[{"embeddable":true,"href":"https:\/\/interaccioninformativa.mx\/index.php\/wp-json\/wp\/v2\/users\/1"}],"replies":[{"embeddable":true,"href":"https:\/\/interaccioninformativa.mx\/index.php\/wp-json\/wp\/v2\/comments?post=1126"}],"version-history":[{"count":1,"href":"https:\/\/interaccioninformativa.mx\/index.php\/wp-json\/wp\/v2\/posts\/1126\/revisions"}],"predecessor-version":[{"id":1128,"href":"https:\/\/interaccioninformativa.mx\/index.php\/wp-json\/wp\/v2\/posts\/1126\/revisions\/1128"}],"wp:featuredmedia":[{"embeddable":true,"href":"https:\/\/interaccioninformativa.mx\/index.php\/wp-json\/wp\/v2\/media\/1127"}],"wp:attachment":[{"href":"https:\/\/interaccioninformativa.mx\/index.php\/wp-json\/wp\/v2\/media?parent=1126"}],"wp:term":[{"taxonomy":"category","embeddable":true,"href":"https:\/\/interaccioninformativa.mx\/index.php\/wp-json\/wp\/v2\/categories?post=1126"},{"taxonomy":"post_tag","embeddable":true,"href":"https:\/\/interaccioninformativa.mx\/index.php\/wp-json\/wp\/v2\/tags?post=1126"}],"curies":[{"name":"wp","href":"https:\/\/api.w.org\/{rel}","templated":true}]}}