{"id":1129,"date":"2025-09-11T16:40:44","date_gmt":"2025-09-11T16:40:44","guid":{"rendered":"https:\/\/interaccioninformativa.mx\/?p=1129"},"modified":"2025-09-12T16:40:56","modified_gmt":"2025-09-12T16:40:56","slug":"donald-trump-honra-la-memoria-de-las-victimas-de-los-ataques-del-11-de-septiembre","status":"publish","type":"post","link":"https:\/\/interaccioninformativa.mx\/index.php\/2025\/09\/11\/donald-trump-honra-la-memoria-de-las-victimas-de-los-ataques-del-11-de-septiembre\/","title":{"rendered":"Donald Trump honra la memoria de las v\u00edctimas de los ataques del 11 de septiembre."},"content":{"rendered":"\n<div class=\"wp-block-media-text is-stacked-on-mobile\"><figure class=\"wp-block-media-text__media\"><img loading=\"lazy\" decoding=\"async\" width=\"1024\" height=\"448\" src=\"https:\/\/interaccioninformativa.mx\/wp-content\/uploads\/2025\/09\/73819316_1004-1024x448.webp\" alt=\"\" class=\"wp-image-1130 size-full\" srcset=\"https:\/\/interaccioninformativa.mx\/wp-content\/uploads\/2025\/09\/73819316_1004-1024x448.webp 1024w, https:\/\/interaccioninformativa.mx\/wp-content\/uploads\/2025\/09\/73819316_1004-300x131.webp 300w, https:\/\/interaccioninformativa.mx\/wp-content\/uploads\/2025\/09\/73819316_1004-768x336.webp 768w, https:\/\/interaccioninformativa.mx\/wp-content\/uploads\/2025\/09\/73819316_1004.webp 1200w\" sizes=\"auto, (max-width: 1024px) 100vw, 1024px\" \/><\/figure><div class=\"wp-block-media-text__content\">\n<p>El presidente de Estados Unidos, Donald Trump, record\u00f3 este jueves (11.09.2025) en una ceremonia solemne en el Pent\u00e1gono a las v\u00edctimas de los atentados del 11 de septiembre de 2001 en Nueva York y Washington.<\/p>\n\n\n\n<p>\u00abEsa ma\u00f1ana terrible, hace 24 a\u00f1os, el tiempo se detuvo\u00bb, dijo el mandatario. \u00abHoy, como una sola naci\u00f3n, renovamos nuestro voto sagrado de que nunca olvidaremos el 11 de septiembre de 2001\u00bb.<\/p>\n\n\n\n<p>El acto, al que tambi\u00e9n asisti\u00f3 la primera dama, Melania Trump, y el secretario de Guerra, Pete Hegseth, comenz\u00f3 con la colocaci\u00f3n de ofrendas y la lectura de los nombres de 125 fallecidos en el cuartel general de las Fuerzas Armadas tras el impacto de un avi\u00f3n -cuyas 59 personas tambi\u00e9n murieron- el mismo d\u00eda en el que tambi\u00e9n fueron destruidas las Torres Gemelas en Nueva York.<\/p>\n\n\n\n<p>Al inicio de su intervenci\u00f3n, Trump record\u00f3 a su estrecho aliado, el comentarista conservador Charlie Kirk, asesinado en un \u00abatroz\u00bb atentado este mi\u00e9rcoles. \u00abLo extra\u00f1amos much\u00edsimo\u00bb, agreg\u00f3 antes de anunciar que otorgar\u00eda al activista la Medalla Presidencial de la Libertad de manera p\u00f3stuma.<\/p>\n\n\n\n<p>Cerca de 3.000 personas perdieron la vida el 11 de septiembre de 2001, cuando un grupo de terroristas de Al Qaeda secuestr\u00f3 cuatro aviones comerciales: dos fueron estrellados contra las Torres Gemelas de Nueva York, uno contra el Pent\u00e1gono y otro cay\u00f3 en Pensilvania, luego de que los pasajeros intentaran retomar el control de la aeronave.<\/p>\n<\/div><\/div>\n","protected":false},"excerpt":{"rendered":"<div class=\"mh-excerpt\"><p>El presidente de Estados Unidos, Donald Trump, record\u00f3 este jueves (11.09.2025) en una ceremonia solemne en el Pent\u00e1gono a las v\u00edctimas de los atentados del <a class=\"mh-excerpt-more\" href=\"https:\/\/interaccioninformativa.mx\/index.php\/2025\/09\/11\/donald-trump-honra-la-memoria-de-las-victimas-de-los-ataques-del-11-de-septiembre\/\" title=\"Donald Trump honra la memoria de las v\u00edctimas de los ataques del 11 de septiembre.\">[&#8230;]<\/a><\/p>\n<\/div>","protected":false},"author":1,"featured_media":1130,"comment_status":"open","ping_status":"closed","sticky":false,"template":"","format":"standard","meta":{"footnotes":""},"categories":[1],"tags":[],"class_list":["post-1129","post","type-post","status-publish","format-standard","has-post-thumbnail","hentry","category-noticias"],"_links":{"self":[{"href":"https:\/\/interaccioninformativa.mx\/index.php\/wp-json\/wp\/v2\/posts\/1129","targetHints":{"allow":["GET"]}}],"collection":[{"href":"https:\/\/interaccioninformativa.mx\/index.php\/wp-json\/wp\/v2\/posts"}],"about":[{"href":"https:\/\/interaccioninformativa.mx\/index.php\/wp-json\/wp\/v2\/types\/post"}],"author":[{"embeddable":true,"href":"https:\/\/interaccioninformativa.mx\/index.php\/wp-json\/wp\/v2\/users\/1"}],"replies":[{"embeddable":true,"href":"https:\/\/interaccioninformativa.mx\/index.php\/wp-json\/wp\/v2\/comments?post=1129"}],"version-history":[{"count":1,"href":"https:\/\/interaccioninformativa.mx\/index.php\/wp-json\/wp\/v2\/posts\/1129\/revisions"}],"predecessor-version":[{"id":1131,"href":"https:\/\/interaccioninformativa.mx\/index.php\/wp-json\/wp\/v2\/posts\/1129\/revisions\/1131"}],"wp:featuredmedia":[{"embeddable":true,"href":"https:\/\/interaccioninformativa.mx\/index.php\/wp-json\/wp\/v2\/media\/1130"}],"wp:attachment":[{"href":"https:\/\/interaccioninformativa.mx\/index.php\/wp-json\/wp\/v2\/media?parent=1129"}],"wp:term":[{"taxonomy":"category","embeddable":true,"href":"https:\/\/interaccioninformativa.mx\/index.php\/wp-json\/wp\/v2\/categories?post=1129"},{"taxonomy":"post_tag","embeddable":true,"href":"https:\/\/interaccioninformativa.mx\/index.php\/wp-json\/wp\/v2\/tags?post=1129"}],"curies":[{"name":"wp","href":"https:\/\/api.w.org\/{rel}","templated":true}]}}