{"id":1132,"date":"2025-09-12T16:48:29","date_gmt":"2025-09-12T16:48:29","guid":{"rendered":"https:\/\/interaccioninformativa.mx\/?p=1132"},"modified":"2025-09-12T16:48:29","modified_gmt":"2025-09-12T16:48:29","slug":"los-exlideres-de-los-zetas-el-z-40-y-el-z-42-evitan-la-pena-de-muerte-en-ee-uu-ya-que-la-fiscalia-no-solicitara-esa-sancion","status":"publish","type":"post","link":"https:\/\/interaccioninformativa.mx\/index.php\/2025\/09\/12\/los-exlideres-de-los-zetas-el-z-40-y-el-z-42-evitan-la-pena-de-muerte-en-ee-uu-ya-que-la-fiscalia-no-solicitara-esa-sancion\/","title":{"rendered":"Los exl\u00edderes de Los Zetas, \u00abEl Z-40\u00bb y \u00abEl Z-42\u00bb, evitan la pena de muerte en EE. UU., ya que la fiscal\u00eda no solicitar\u00e1 esa sanci\u00f3n."},"content":{"rendered":"\n<div class=\"wp-block-media-text is-stacked-on-mobile\"><figure class=\"wp-block-media-text__media\"><img loading=\"lazy\" decoding=\"async\" width=\"992\" height=\"558\" src=\"https:\/\/interaccioninformativa.mx\/wp-content\/uploads\/2025\/09\/PVOSZ2ZLARGXBMO37NO5GIXKKI.avif\" alt=\"\" class=\"wp-image-1133 size-full\" srcset=\"https:\/\/interaccioninformativa.mx\/wp-content\/uploads\/2025\/09\/PVOSZ2ZLARGXBMO37NO5GIXKKI.avif 992w, https:\/\/interaccioninformativa.mx\/wp-content\/uploads\/2025\/09\/PVOSZ2ZLARGXBMO37NO5GIXKKI-300x169.avif 300w, https:\/\/interaccioninformativa.mx\/wp-content\/uploads\/2025\/09\/PVOSZ2ZLARGXBMO37NO5GIXKKI-768x432.avif 768w, https:\/\/interaccioninformativa.mx\/wp-content\/uploads\/2025\/09\/PVOSZ2ZLARGXBMO37NO5GIXKKI-678x381.avif 678w\" sizes=\"auto, (max-width: 992px) 100vw, 992px\" \/><\/figure><div class=\"wp-block-media-text__content\">\n<p>La Fiscal\u00eda General de Estados Unidos ha solicitado que Miguel \u00c1ngel y Omar Trevi\u00f1o Morales, \u201cEl Z-40\u2033 y \u201cEl Z-42\u2033 respectivamente e identificados como exl\u00edderes del grupo de Los Zetas, no sean acreedores a la pena de muerte en el caso judicial de ambos l\u00edderes criminales, el cual se desarrolla en la Corte Federal del Distrito de Columbia.<\/p>\n\n\n\n<p>El documento enviado a la juez titular del caso, Trevor McFadden, destaca que dicha medida fue autorizada previamente y ahora es solicitada \u201crespetuosamente\u201d ante la instancia judicial donde se lleva el caso de ambos hermanos despu\u00e9s de haber sido enviados a la Uni\u00f3n Americana en marzo de 2025:<\/p>\n\n\n\n<p>\u201cLa Fiscal\u00eda General (de Estados Unidos) ha autorizado y enviado a esta corte que no buscar\u00e1 la pena de muerte en contra del acusado Miguel Trevi\u00f1o Morales y el acusado Omar Trevi\u00f1o Morales\u201d, se lee en el oficio publicado hace unos momentos.<\/p>\n<\/div><\/div>\n","protected":false},"excerpt":{"rendered":"<div class=\"mh-excerpt\"><p>La Fiscal\u00eda General de Estados Unidos ha solicitado que Miguel \u00c1ngel y Omar Trevi\u00f1o Morales, \u201cEl Z-40\u2033 y \u201cEl Z-42\u2033 respectivamente e identificados como exl\u00edderes <a class=\"mh-excerpt-more\" href=\"https:\/\/interaccioninformativa.mx\/index.php\/2025\/09\/12\/los-exlideres-de-los-zetas-el-z-40-y-el-z-42-evitan-la-pena-de-muerte-en-ee-uu-ya-que-la-fiscalia-no-solicitara-esa-sancion\/\" title=\"Los exl\u00edderes de Los Zetas, \u00abEl Z-40\u00bb y \u00abEl Z-42\u00bb, evitan la pena de muerte en EE. UU., ya que la fiscal\u00eda no solicitar\u00e1 esa sanci\u00f3n.\">[&#8230;]<\/a><\/p>\n<\/div>","protected":false},"author":1,"featured_media":1133,"comment_status":"open","ping_status":"closed","sticky":false,"template":"","format":"standard","meta":{"footnotes":""},"categories":[1],"tags":[],"class_list":["post-1132","post","type-post","status-publish","format-standard","has-post-thumbnail","hentry","category-noticias"],"_links":{"self":[{"href":"https:\/\/interaccioninformativa.mx\/index.php\/wp-json\/wp\/v2\/posts\/1132","targetHints":{"allow":["GET"]}}],"collection":[{"href":"https:\/\/interaccioninformativa.mx\/index.php\/wp-json\/wp\/v2\/posts"}],"about":[{"href":"https:\/\/interaccioninformativa.mx\/index.php\/wp-json\/wp\/v2\/types\/post"}],"author":[{"embeddable":true,"href":"https:\/\/interaccioninformativa.mx\/index.php\/wp-json\/wp\/v2\/users\/1"}],"replies":[{"embeddable":true,"href":"https:\/\/interaccioninformativa.mx\/index.php\/wp-json\/wp\/v2\/comments?post=1132"}],"version-history":[{"count":1,"href":"https:\/\/interaccioninformativa.mx\/index.php\/wp-json\/wp\/v2\/posts\/1132\/revisions"}],"predecessor-version":[{"id":1134,"href":"https:\/\/interaccioninformativa.mx\/index.php\/wp-json\/wp\/v2\/posts\/1132\/revisions\/1134"}],"wp:featuredmedia":[{"embeddable":true,"href":"https:\/\/interaccioninformativa.mx\/index.php\/wp-json\/wp\/v2\/media\/1133"}],"wp:attachment":[{"href":"https:\/\/interaccioninformativa.mx\/index.php\/wp-json\/wp\/v2\/media?parent=1132"}],"wp:term":[{"taxonomy":"category","embeddable":true,"href":"https:\/\/interaccioninformativa.mx\/index.php\/wp-json\/wp\/v2\/categories?post=1132"},{"taxonomy":"post_tag","embeddable":true,"href":"https:\/\/interaccioninformativa.mx\/index.php\/wp-json\/wp\/v2\/tags?post=1132"}],"curies":[{"name":"wp","href":"https:\/\/api.w.org\/{rel}","templated":true}]}}