{"id":1135,"date":"2025-09-12T16:51:38","date_gmt":"2025-09-12T16:51:38","guid":{"rendered":"https:\/\/interaccioninformativa.mx\/?p=1135"},"modified":"2025-09-12T16:51:38","modified_gmt":"2025-09-12T16:51:38","slug":"en-el-corazon-de-la-ciudad-de-mexico-la-bandera-nacional-baja-a-media-asta-en-el-zocalo-tras-la-tragica-explosion-de-una-pipa-en-iztapalapa","status":"publish","type":"post","link":"https:\/\/interaccioninformativa.mx\/index.php\/2025\/09\/12\/en-el-corazon-de-la-ciudad-de-mexico-la-bandera-nacional-baja-a-media-asta-en-el-zocalo-tras-la-tragica-explosion-de-una-pipa-en-iztapalapa\/","title":{"rendered":"En el coraz\u00f3n de la Ciudad de M\u00e9xico, la bandera nacional baja a media asta en el Z\u00f3calo, tras la tr\u00e1gica explosi\u00f3n de una pipa en Iztapalapa."},"content":{"rendered":"\n<div class=\"wp-block-media-text is-stacked-on-mobile\"><figure class=\"wp-block-media-text__media\"><img loading=\"lazy\" decoding=\"async\" width=\"640\" height=\"853\" src=\"https:\/\/interaccioninformativa.mx\/wp-content\/uploads\/2025\/09\/bandera-mexico-media-asta-zocalo-cdmx.webp\" alt=\"\" class=\"wp-image-1136 size-full\" srcset=\"https:\/\/interaccioninformativa.mx\/wp-content\/uploads\/2025\/09\/bandera-mexico-media-asta-zocalo-cdmx.webp 640w, https:\/\/interaccioninformativa.mx\/wp-content\/uploads\/2025\/09\/bandera-mexico-media-asta-zocalo-cdmx-225x300.webp 225w\" sizes=\"auto, (max-width: 640px) 100vw, 640px\" \/><\/figure><div class=\"wp-block-media-text__content\">\n<p>La Bandera de M\u00e9xico onde\u00f3 a media asta hoy, 12 de septiembre de 2025, en el Z\u00f3calo de la Ciudad de M\u00e9xico (CDMX), luego de la explosi\u00f3n de la pipa de gas, en la alcald\u00eda Iztapalapa.<\/p>\n\n\n\n<p>Ent\u00e9rate de las \u00faltimas noticias sobre la explosi\u00f3n de la pipa en Iztapalapa, a trav\u00e9s del LIVEBLOG de N+<br>La ma\u00f1ana de este viernes, la jefa de Gobierno de CDMX, Clara Brugada, encabez\u00f3 un evento ante miles de personas en el Z\u00f3calo CDMX, por el Programa de Vales Mercomuna, con la Bandera a media asta.<\/p>\n\n\n\n<p>Adem\u00e1s, la presidenta de M\u00e9xico, Claudia Sheinbaum, ofreci\u00f3 su conferencia ma\u00f1anera en Palacio Nacional, en la que anunci\u00f3 la pr\u00f3xima regulaci\u00f3n del trasporte de gas LP.<\/p>\n<\/div><\/div>\n","protected":false},"excerpt":{"rendered":"<div class=\"mh-excerpt\"><p>La Bandera de M\u00e9xico onde\u00f3 a media asta hoy, 12 de septiembre de 2025, en el Z\u00f3calo de la Ciudad de M\u00e9xico (CDMX), luego de <a class=\"mh-excerpt-more\" href=\"https:\/\/interaccioninformativa.mx\/index.php\/2025\/09\/12\/en-el-corazon-de-la-ciudad-de-mexico-la-bandera-nacional-baja-a-media-asta-en-el-zocalo-tras-la-tragica-explosion-de-una-pipa-en-iztapalapa\/\" title=\"En el coraz\u00f3n de la Ciudad de M\u00e9xico, la bandera nacional baja a media asta en el Z\u00f3calo, tras la tr\u00e1gica explosi\u00f3n de una pipa en Iztapalapa.\">[&#8230;]<\/a><\/p>\n<\/div>","protected":false},"author":1,"featured_media":1136,"comment_status":"open","ping_status":"closed","sticky":false,"template":"","format":"standard","meta":{"footnotes":""},"categories":[1],"tags":[],"class_list":["post-1135","post","type-post","status-publish","format-standard","has-post-thumbnail","hentry","category-noticias"],"_links":{"self":[{"href":"https:\/\/interaccioninformativa.mx\/index.php\/wp-json\/wp\/v2\/posts\/1135","targetHints":{"allow":["GET"]}}],"collection":[{"href":"https:\/\/interaccioninformativa.mx\/index.php\/wp-json\/wp\/v2\/posts"}],"about":[{"href":"https:\/\/interaccioninformativa.mx\/index.php\/wp-json\/wp\/v2\/types\/post"}],"author":[{"embeddable":true,"href":"https:\/\/interaccioninformativa.mx\/index.php\/wp-json\/wp\/v2\/users\/1"}],"replies":[{"embeddable":true,"href":"https:\/\/interaccioninformativa.mx\/index.php\/wp-json\/wp\/v2\/comments?post=1135"}],"version-history":[{"count":1,"href":"https:\/\/interaccioninformativa.mx\/index.php\/wp-json\/wp\/v2\/posts\/1135\/revisions"}],"predecessor-version":[{"id":1137,"href":"https:\/\/interaccioninformativa.mx\/index.php\/wp-json\/wp\/v2\/posts\/1135\/revisions\/1137"}],"wp:featuredmedia":[{"embeddable":true,"href":"https:\/\/interaccioninformativa.mx\/index.php\/wp-json\/wp\/v2\/media\/1136"}],"wp:attachment":[{"href":"https:\/\/interaccioninformativa.mx\/index.php\/wp-json\/wp\/v2\/media?parent=1135"}],"wp:term":[{"taxonomy":"category","embeddable":true,"href":"https:\/\/interaccioninformativa.mx\/index.php\/wp-json\/wp\/v2\/categories?post=1135"},{"taxonomy":"post_tag","embeddable":true,"href":"https:\/\/interaccioninformativa.mx\/index.php\/wp-json\/wp\/v2\/tags?post=1135"}],"curies":[{"name":"wp","href":"https:\/\/api.w.org\/{rel}","templated":true}]}}