{"id":1138,"date":"2025-09-12T17:07:22","date_gmt":"2025-09-12T17:07:22","guid":{"rendered":"https:\/\/interaccioninformativa.mx\/?p=1138"},"modified":"2025-09-12T17:07:22","modified_gmt":"2025-09-12T17:07:22","slug":"temblor-en-mexico-este-12-de-septiembre-jalisco-sintio-un-sismo-de-3-3-de-magnitud","status":"publish","type":"post","link":"https:\/\/interaccioninformativa.mx\/index.php\/2025\/09\/12\/temblor-en-mexico-este-12-de-septiembre-jalisco-sintio-un-sismo-de-3-3-de-magnitud\/","title":{"rendered":"Temblor en M\u00e9xico Este 12 de septiembre, Jalisco sinti\u00f3 un sismo de 3.3 de magnitud."},"content":{"rendered":"\n<div class=\"wp-block-media-text is-stacked-on-mobile\"><figure class=\"wp-block-media-text__media\"><img loading=\"lazy\" decoding=\"async\" width=\"992\" height=\"531\" src=\"https:\/\/interaccioninformativa.mx\/wp-content\/uploads\/2025\/09\/54OTOZHYHNGDNLJBI6HSCVZ25U.avif\" alt=\"\" class=\"wp-image-1139 size-full\" srcset=\"https:\/\/interaccioninformativa.mx\/wp-content\/uploads\/2025\/09\/54OTOZHYHNGDNLJBI6HSCVZ25U.avif 992w, https:\/\/interaccioninformativa.mx\/wp-content\/uploads\/2025\/09\/54OTOZHYHNGDNLJBI6HSCVZ25U-300x161.avif 300w, https:\/\/interaccioninformativa.mx\/wp-content\/uploads\/2025\/09\/54OTOZHYHNGDNLJBI6HSCVZ25U-768x411.avif 768w\" sizes=\"auto, (max-width: 992px) 100vw, 992px\" \/><\/figure><div class=\"wp-block-media-text__content\">\n<p>El sismol\u00f3gico nacional dio a conocer que este viernes durante la madrugada se registraron algunos sismos de intensidad leve, entre los que se encuentran: a las 4:30 se registr\u00f3 un sismo de magnitud 3.5 a 9 km al este de Uni\u00f3n Hidalgo, Oaxaca; a las 4:31 se registr\u00f3 un sismo de magnitud 1.9 a 3 km al suroeste de San Jos\u00e9 del Cabo, Baja California Sur; a las 4:33 se registr\u00f3 un sismo de magnitud 1.8 a 2 km al suroeste de San Jos\u00e9 del Cabo, Baja California Sur; a las 4:37 se registr\u00f3 un sismo de magnitud 2.9 a 28 km al suroeste de Tecpan, Guerrero y a las 4:47 se registr\u00f3 un sismo de magnitud 3.3 a 30 km al noroeste de Autl\u00e1n de Navarro, Jalisco.<\/p>\n<\/div><\/div>\n","protected":false},"excerpt":{"rendered":"<div class=\"mh-excerpt\"><p>El sismol\u00f3gico nacional dio a conocer que este viernes durante la madrugada se registraron algunos sismos de intensidad leve, entre los que se encuentran: a <a class=\"mh-excerpt-more\" href=\"https:\/\/interaccioninformativa.mx\/index.php\/2025\/09\/12\/temblor-en-mexico-este-12-de-septiembre-jalisco-sintio-un-sismo-de-3-3-de-magnitud\/\" title=\"Temblor en M\u00e9xico Este 12 de septiembre, Jalisco sinti\u00f3 un sismo de 3.3 de magnitud.\">[&#8230;]<\/a><\/p>\n<\/div>","protected":false},"author":1,"featured_media":1139,"comment_status":"open","ping_status":"closed","sticky":false,"template":"","format":"standard","meta":{"footnotes":""},"categories":[1],"tags":[],"class_list":["post-1138","post","type-post","status-publish","format-standard","has-post-thumbnail","hentry","category-noticias"],"_links":{"self":[{"href":"https:\/\/interaccioninformativa.mx\/index.php\/wp-json\/wp\/v2\/posts\/1138","targetHints":{"allow":["GET"]}}],"collection":[{"href":"https:\/\/interaccioninformativa.mx\/index.php\/wp-json\/wp\/v2\/posts"}],"about":[{"href":"https:\/\/interaccioninformativa.mx\/index.php\/wp-json\/wp\/v2\/types\/post"}],"author":[{"embeddable":true,"href":"https:\/\/interaccioninformativa.mx\/index.php\/wp-json\/wp\/v2\/users\/1"}],"replies":[{"embeddable":true,"href":"https:\/\/interaccioninformativa.mx\/index.php\/wp-json\/wp\/v2\/comments?post=1138"}],"version-history":[{"count":1,"href":"https:\/\/interaccioninformativa.mx\/index.php\/wp-json\/wp\/v2\/posts\/1138\/revisions"}],"predecessor-version":[{"id":1140,"href":"https:\/\/interaccioninformativa.mx\/index.php\/wp-json\/wp\/v2\/posts\/1138\/revisions\/1140"}],"wp:featuredmedia":[{"embeddable":true,"href":"https:\/\/interaccioninformativa.mx\/index.php\/wp-json\/wp\/v2\/media\/1139"}],"wp:attachment":[{"href":"https:\/\/interaccioninformativa.mx\/index.php\/wp-json\/wp\/v2\/media?parent=1138"}],"wp:term":[{"taxonomy":"category","embeddable":true,"href":"https:\/\/interaccioninformativa.mx\/index.php\/wp-json\/wp\/v2\/categories?post=1138"},{"taxonomy":"post_tag","embeddable":true,"href":"https:\/\/interaccioninformativa.mx\/index.php\/wp-json\/wp\/v2\/tags?post=1138"}],"curies":[{"name":"wp","href":"https:\/\/api.w.org\/{rel}","templated":true}]}}