{"id":1143,"date":"2025-09-13T16:20:52","date_gmt":"2025-09-13T16:20:52","guid":{"rendered":"https:\/\/interaccioninformativa.mx\/?p=1143"},"modified":"2025-09-13T16:20:52","modified_gmt":"2025-09-13T16:20:52","slug":"hernan-bermudez-acusado-de-liderar-la-barredora-es-capturado-en-paraguay-y-enviado-a-mexico","status":"publish","type":"post","link":"https:\/\/interaccioninformativa.mx\/index.php\/2025\/09\/13\/hernan-bermudez-acusado-de-liderar-la-barredora-es-capturado-en-paraguay-y-enviado-a-mexico\/","title":{"rendered":"Hern\u00e1n Berm\u00fadez, acusado de liderar \u201cLa Barredora\u201d, es capturado en Paraguay y enviado a M\u00e9xico."},"content":{"rendered":"\n<div class=\"wp-block-media-text is-stacked-on-mobile\"><figure class=\"wp-block-media-text__media\"><img loading=\"lazy\" decoding=\"async\" width=\"992\" height=\"558\" src=\"https:\/\/interaccioninformativa.mx\/wp-content\/uploads\/2025\/09\/P3PH6QHF25GWHDOJ6O4QDPSMVA.avif\" alt=\"\" class=\"wp-image-1144 size-full\" srcset=\"https:\/\/interaccioninformativa.mx\/wp-content\/uploads\/2025\/09\/P3PH6QHF25GWHDOJ6O4QDPSMVA.avif 992w, https:\/\/interaccioninformativa.mx\/wp-content\/uploads\/2025\/09\/P3PH6QHF25GWHDOJ6O4QDPSMVA-300x169.avif 300w, https:\/\/interaccioninformativa.mx\/wp-content\/uploads\/2025\/09\/P3PH6QHF25GWHDOJ6O4QDPSMVA-768x432.avif 768w, https:\/\/interaccioninformativa.mx\/wp-content\/uploads\/2025\/09\/P3PH6QHF25GWHDOJ6O4QDPSMVA-678x381.avif 678w\" sizes=\"auto, (max-width: 992px) 100vw, 992px\" \/><\/figure><div class=\"wp-block-media-text__content\">\n<p>Tras la reciente detenci\u00f3n de Hern\u00e1n Berm\u00fadez Requena, alias Comandante H y\/o El Abuelo, identificado como presunto l\u00edder del grupo criminal La Barredora, el Gobierno de M\u00e9xico confirm\u00f3 que fue extraditado inmediatamente desde Paraguay a territorio mexicano.<br>Por medio de un comunicado oficial, la Secretar\u00eda de Seguridad y Protecci\u00f3n Ciudadana (SSPC) agradeci\u00f3 a la mandataria Claudia Sheinbaum y a los esfuerzos del Gabinete de Seguridad encabezados por Omar Garc\u00eda Harfuch por continuar con el principio de Cero Tolerancia a la Corrupci\u00f3n y Combate a la Impunidad, as\u00ed como el actuar inmediato de las autoridades federales.<\/p>\n\n\n\n<p><\/p>\n<\/div><\/div>\n","protected":false},"excerpt":{"rendered":"<div class=\"mh-excerpt\"><p>Tras la reciente detenci\u00f3n de Hern\u00e1n Berm\u00fadez Requena, alias Comandante H y\/o El Abuelo, identificado como presunto l\u00edder del grupo criminal La Barredora, el Gobierno <a class=\"mh-excerpt-more\" href=\"https:\/\/interaccioninformativa.mx\/index.php\/2025\/09\/13\/hernan-bermudez-acusado-de-liderar-la-barredora-es-capturado-en-paraguay-y-enviado-a-mexico\/\" title=\"Hern\u00e1n Berm\u00fadez, acusado de liderar \u201cLa Barredora\u201d, es capturado en Paraguay y enviado a M\u00e9xico.\">[&#8230;]<\/a><\/p>\n<\/div>","protected":false},"author":1,"featured_media":1144,"comment_status":"open","ping_status":"closed","sticky":false,"template":"","format":"standard","meta":{"footnotes":""},"categories":[1],"tags":[],"class_list":["post-1143","post","type-post","status-publish","format-standard","has-post-thumbnail","hentry","category-noticias"],"_links":{"self":[{"href":"https:\/\/interaccioninformativa.mx\/index.php\/wp-json\/wp\/v2\/posts\/1143","targetHints":{"allow":["GET"]}}],"collection":[{"href":"https:\/\/interaccioninformativa.mx\/index.php\/wp-json\/wp\/v2\/posts"}],"about":[{"href":"https:\/\/interaccioninformativa.mx\/index.php\/wp-json\/wp\/v2\/types\/post"}],"author":[{"embeddable":true,"href":"https:\/\/interaccioninformativa.mx\/index.php\/wp-json\/wp\/v2\/users\/1"}],"replies":[{"embeddable":true,"href":"https:\/\/interaccioninformativa.mx\/index.php\/wp-json\/wp\/v2\/comments?post=1143"}],"version-history":[{"count":1,"href":"https:\/\/interaccioninformativa.mx\/index.php\/wp-json\/wp\/v2\/posts\/1143\/revisions"}],"predecessor-version":[{"id":1145,"href":"https:\/\/interaccioninformativa.mx\/index.php\/wp-json\/wp\/v2\/posts\/1143\/revisions\/1145"}],"wp:featuredmedia":[{"embeddable":true,"href":"https:\/\/interaccioninformativa.mx\/index.php\/wp-json\/wp\/v2\/media\/1144"}],"wp:attachment":[{"href":"https:\/\/interaccioninformativa.mx\/index.php\/wp-json\/wp\/v2\/media?parent=1143"}],"wp:term":[{"taxonomy":"category","embeddable":true,"href":"https:\/\/interaccioninformativa.mx\/index.php\/wp-json\/wp\/v2\/categories?post=1143"},{"taxonomy":"post_tag","embeddable":true,"href":"https:\/\/interaccioninformativa.mx\/index.php\/wp-json\/wp\/v2\/tags?post=1143"}],"curies":[{"name":"wp","href":"https:\/\/api.w.org\/{rel}","templated":true}]}}