{"id":1146,"date":"2025-09-13T16:24:38","date_gmt":"2025-09-13T16:24:38","guid":{"rendered":"https:\/\/interaccioninformativa.mx\/?p=1146"},"modified":"2025-09-13T16:24:38","modified_gmt":"2025-09-13T16:24:38","slug":"la-embajada-china-pide-a-mexico-pensarlo-bien-antes-de-ajustar-sus-politicas-arancelarias","status":"publish","type":"post","link":"https:\/\/interaccioninformativa.mx\/index.php\/2025\/09\/13\/la-embajada-china-pide-a-mexico-pensarlo-bien-antes-de-ajustar-sus-politicas-arancelarias\/","title":{"rendered":"La Embajada china pide a M\u00e9xico pensarlo bien antes de ajustar sus pol\u00edticas arancelarias."},"content":{"rendered":"\n<div class=\"wp-block-media-text is-stacked-on-mobile\"><figure class=\"wp-block-media-text__media\"><img loading=\"lazy\" decoding=\"async\" width=\"1024\" height=\"640\" src=\"https:\/\/interaccioninformativa.mx\/wp-content\/uploads\/2025\/09\/revision-tmec-china-272024-1-1024x640.jpeg\" alt=\"\" class=\"wp-image-1147 size-full\" srcset=\"https:\/\/interaccioninformativa.mx\/wp-content\/uploads\/2025\/09\/revision-tmec-china-272024-1-1024x640.jpeg 1024w, https:\/\/interaccioninformativa.mx\/wp-content\/uploads\/2025\/09\/revision-tmec-china-272024-1-300x188.jpeg 300w, https:\/\/interaccioninformativa.mx\/wp-content\/uploads\/2025\/09\/revision-tmec-china-272024-1-768x480.jpeg 768w, https:\/\/interaccioninformativa.mx\/wp-content\/uploads\/2025\/09\/revision-tmec-china-272024-1.jpeg 1200w\" sizes=\"auto, (max-width: 1024px) 100vw, 1024px\" \/><\/figure><div class=\"wp-block-media-text__content\">\n<p>La Embajada de China en M\u00e9xico public\u00f3 la ma\u00f1ana de este viernes, 12 de septiembre, un mensaje en su cuenta oficial de X, en el cu\u00e1l advierte al pa\u00eds contra ajustar las tarifas arancelarias a m\u00faltiples productos importados desde china.<\/p>\n\n\n\n<p>M\u00e1s temprano en el d\u00eda, y en declaraciones a las que alude la Embajada, el Ministerio de Comercio chino critic\u00f3 la decisi\u00f3n de M\u00e9xico de aumentar hasta el 50% los aranceles sobre los autom\u00f3viles procedentes de China y otros pa\u00edses asi\u00e1ticos, afirmando que la medida socavar\u00eda la confianza de los inversores y \u201cafectar\u00eda gravemente al entorno empresarial de M\u00e9xico\u201d.<\/p>\n\n\n\n<p>La declaraci\u00f3n se produce despu\u00e9s de que M\u00e9xico anunci\u00f3 el pasado mi\u00e9rcoles que elevar\u00eda los aranceles sobre los autom\u00f3viles a su nivel m\u00e1ximo permitido.<\/p>\n<\/div><\/div>\n","protected":false},"excerpt":{"rendered":"<div class=\"mh-excerpt\"><p>La Embajada de China en M\u00e9xico public\u00f3 la ma\u00f1ana de este viernes, 12 de septiembre, un mensaje en su cuenta oficial de X, en el <a class=\"mh-excerpt-more\" href=\"https:\/\/interaccioninformativa.mx\/index.php\/2025\/09\/13\/la-embajada-china-pide-a-mexico-pensarlo-bien-antes-de-ajustar-sus-politicas-arancelarias\/\" title=\"La Embajada china pide a M\u00e9xico pensarlo bien antes de ajustar sus pol\u00edticas arancelarias.\">[&#8230;]<\/a><\/p>\n<\/div>","protected":false},"author":1,"featured_media":1147,"comment_status":"open","ping_status":"closed","sticky":false,"template":"","format":"standard","meta":{"footnotes":""},"categories":[1],"tags":[],"class_list":["post-1146","post","type-post","status-publish","format-standard","has-post-thumbnail","hentry","category-noticias"],"_links":{"self":[{"href":"https:\/\/interaccioninformativa.mx\/index.php\/wp-json\/wp\/v2\/posts\/1146","targetHints":{"allow":["GET"]}}],"collection":[{"href":"https:\/\/interaccioninformativa.mx\/index.php\/wp-json\/wp\/v2\/posts"}],"about":[{"href":"https:\/\/interaccioninformativa.mx\/index.php\/wp-json\/wp\/v2\/types\/post"}],"author":[{"embeddable":true,"href":"https:\/\/interaccioninformativa.mx\/index.php\/wp-json\/wp\/v2\/users\/1"}],"replies":[{"embeddable":true,"href":"https:\/\/interaccioninformativa.mx\/index.php\/wp-json\/wp\/v2\/comments?post=1146"}],"version-history":[{"count":1,"href":"https:\/\/interaccioninformativa.mx\/index.php\/wp-json\/wp\/v2\/posts\/1146\/revisions"}],"predecessor-version":[{"id":1148,"href":"https:\/\/interaccioninformativa.mx\/index.php\/wp-json\/wp\/v2\/posts\/1146\/revisions\/1148"}],"wp:featuredmedia":[{"embeddable":true,"href":"https:\/\/interaccioninformativa.mx\/index.php\/wp-json\/wp\/v2\/media\/1147"}],"wp:attachment":[{"href":"https:\/\/interaccioninformativa.mx\/index.php\/wp-json\/wp\/v2\/media?parent=1146"}],"wp:term":[{"taxonomy":"category","embeddable":true,"href":"https:\/\/interaccioninformativa.mx\/index.php\/wp-json\/wp\/v2\/categories?post=1146"},{"taxonomy":"post_tag","embeddable":true,"href":"https:\/\/interaccioninformativa.mx\/index.php\/wp-json\/wp\/v2\/tags?post=1146"}],"curies":[{"name":"wp","href":"https:\/\/api.w.org\/{rel}","templated":true}]}}