{"id":1159,"date":"2025-09-14T16:31:20","date_gmt":"2025-09-14T16:31:20","guid":{"rendered":"https:\/\/interaccioninformativa.mx\/?p=1159"},"modified":"2025-09-15T16:31:37","modified_gmt":"2025-09-15T16:31:37","slug":"por-segundo-ano-sinaloa-no-celebrara-las-fiestas-patrias-debido-a-su-suspension","status":"publish","type":"post","link":"https:\/\/interaccioninformativa.mx\/index.php\/2025\/09\/14\/por-segundo-ano-sinaloa-no-celebrara-las-fiestas-patrias-debido-a-su-suspension\/","title":{"rendered":"Por segundo a\u00f1o, Sinaloa no celebrar\u00e1 las fiestas patrias debido a su suspensi\u00f3n."},"content":{"rendered":"\n<div class=\"wp-block-media-text is-stacked-on-mobile\"><figure class=\"wp-block-media-text__media\"><img loading=\"lazy\" decoding=\"async\" width=\"1024\" height=\"576\" src=\"https:\/\/interaccioninformativa.mx\/wp-content\/uploads\/2025\/09\/ZXRT3UWV3VAODA6FRMIVQ7EM2E-1024x576.avif\" alt=\"\" class=\"wp-image-1160 size-full\" srcset=\"https:\/\/interaccioninformativa.mx\/wp-content\/uploads\/2025\/09\/ZXRT3UWV3VAODA6FRMIVQ7EM2E-1024x576.avif 1024w, https:\/\/interaccioninformativa.mx\/wp-content\/uploads\/2025\/09\/ZXRT3UWV3VAODA6FRMIVQ7EM2E-300x169.avif 300w, https:\/\/interaccioninformativa.mx\/wp-content\/uploads\/2025\/09\/ZXRT3UWV3VAODA6FRMIVQ7EM2E-768x432.avif 768w, https:\/\/interaccioninformativa.mx\/wp-content\/uploads\/2025\/09\/ZXRT3UWV3VAODA6FRMIVQ7EM2E-678x381.avif 678w, https:\/\/interaccioninformativa.mx\/wp-content\/uploads\/2025\/09\/ZXRT3UWV3VAODA6FRMIVQ7EM2E.avif 1200w\" sizes=\"auto, (max-width: 1024px) 100vw, 1024px\" \/><\/figure><div class=\"wp-block-media-text__content\">\n<p>El Gobernador de Sinaloa, Rub\u00e9n Rocha Moya, anunci\u00f3 este domingo en un mensaje a trav\u00e9s de redes sociales, la cancelaci\u00f3n del Grito de Independencia en Culiac\u00e1n, previsto para este 15 de septiembre, debido a la falta de condiciones de seguridad.<\/p>\n\n\n\n<p>Por el contrario, el mandatario indic\u00f3 que la celebraci\u00f3n se limitar\u00e1 a un acto c\u00edvico protocolario con la participaci\u00f3n de representantes de los poderes estatales y de las Fuerzas Armadas.<\/p>\n\n\n\n<p>Rocha Moya precis\u00f3 que la decisi\u00f3n ocurre tras una jornada de violencia registrada el s\u00e1bado, que incluy\u00f3 ataques armados, bloqueos, incendios de inmuebles y el asesinato de al menos diez personas en distintos puntos de la entidad.<\/p>\n\n\n\n<p>Adem\u00e1s explic\u00f3 que la medida busca proteger a las familias sinaloenses, y aprovech\u00f3 para agradecer a los artistas convocados para los festejos por su disposici\u00f3n, al mismo tiempo de pedir a la ciudadan\u00eda conmemorar la fecha en sus hogares.<\/p>\n\n\n\n<p>El contexto de inseguridad responde a la confrontaci\u00f3n entre facciones del C\u00e1rtel de Sinaloa: \u201cLos Chapitos\u201d y \u201cLos Mayos\u201d, cuya guerra ha generado un ambiente de narcoviolencia sostenida durante m\u00e1s de un a\u00f1o.<\/p>\n\n\n\n<p>En ese sentido, cabe destacar que no es la primera vez que Sinaloa suspende los festejos patrios, ya que en 2024 tambi\u00e9n cancel\u00f3 el Grito a pocos d\u00edas de que estallara una ola de violencia que se extendi\u00f3 a otros municipios de la entidad.<\/p>\n<\/div><\/div>\n","protected":false},"excerpt":{"rendered":"<div class=\"mh-excerpt\"><p>El Gobernador de Sinaloa, Rub\u00e9n Rocha Moya, anunci\u00f3 este domingo en un mensaje a trav\u00e9s de redes sociales, la cancelaci\u00f3n del Grito de Independencia en <a class=\"mh-excerpt-more\" href=\"https:\/\/interaccioninformativa.mx\/index.php\/2025\/09\/14\/por-segundo-ano-sinaloa-no-celebrara-las-fiestas-patrias-debido-a-su-suspension\/\" title=\"Por segundo a\u00f1o, Sinaloa no celebrar\u00e1 las fiestas patrias debido a su suspensi\u00f3n.\">[&#8230;]<\/a><\/p>\n<\/div>","protected":false},"author":1,"featured_media":1160,"comment_status":"open","ping_status":"closed","sticky":false,"template":"","format":"standard","meta":{"footnotes":""},"categories":[1],"tags":[],"class_list":["post-1159","post","type-post","status-publish","format-standard","has-post-thumbnail","hentry","category-noticias"],"_links":{"self":[{"href":"https:\/\/interaccioninformativa.mx\/index.php\/wp-json\/wp\/v2\/posts\/1159","targetHints":{"allow":["GET"]}}],"collection":[{"href":"https:\/\/interaccioninformativa.mx\/index.php\/wp-json\/wp\/v2\/posts"}],"about":[{"href":"https:\/\/interaccioninformativa.mx\/index.php\/wp-json\/wp\/v2\/types\/post"}],"author":[{"embeddable":true,"href":"https:\/\/interaccioninformativa.mx\/index.php\/wp-json\/wp\/v2\/users\/1"}],"replies":[{"embeddable":true,"href":"https:\/\/interaccioninformativa.mx\/index.php\/wp-json\/wp\/v2\/comments?post=1159"}],"version-history":[{"count":1,"href":"https:\/\/interaccioninformativa.mx\/index.php\/wp-json\/wp\/v2\/posts\/1159\/revisions"}],"predecessor-version":[{"id":1161,"href":"https:\/\/interaccioninformativa.mx\/index.php\/wp-json\/wp\/v2\/posts\/1159\/revisions\/1161"}],"wp:featuredmedia":[{"embeddable":true,"href":"https:\/\/interaccioninformativa.mx\/index.php\/wp-json\/wp\/v2\/media\/1160"}],"wp:attachment":[{"href":"https:\/\/interaccioninformativa.mx\/index.php\/wp-json\/wp\/v2\/media?parent=1159"}],"wp:term":[{"taxonomy":"category","embeddable":true,"href":"https:\/\/interaccioninformativa.mx\/index.php\/wp-json\/wp\/v2\/categories?post=1159"},{"taxonomy":"post_tag","embeddable":true,"href":"https:\/\/interaccioninformativa.mx\/index.php\/wp-json\/wp\/v2\/tags?post=1159"}],"curies":[{"name":"wp","href":"https:\/\/api.w.org\/{rel}","templated":true}]}}