{"id":1163,"date":"2025-09-15T16:37:04","date_gmt":"2025-09-15T16:37:04","guid":{"rendered":"https:\/\/interaccioninformativa.mx\/?p=1163"},"modified":"2025-09-15T16:37:39","modified_gmt":"2025-09-15T16:37:39","slug":"autoridades-mexicanas-ubicaron-a-bermudez-requena-en-paraguay-desde-marzo-con-planes-de-consolidar-un-grupo-criminal","status":"publish","type":"post","link":"https:\/\/interaccioninformativa.mx\/index.php\/2025\/09\/15\/autoridades-mexicanas-ubicaron-a-bermudez-requena-en-paraguay-desde-marzo-con-planes-de-consolidar-un-grupo-criminal\/","title":{"rendered":"Autoridades mexicanas ubicaron a Berm\u00fadez Requena en Paraguay desde marzo, con planes de consolidar un grupo criminal."},"content":{"rendered":"\n<div class=\"wp-block-media-text is-stacked-on-mobile\"><figure class=\"wp-block-media-text__media\"><img loading=\"lazy\" decoding=\"async\" width=\"992\" height=\"558\" src=\"https:\/\/interaccioninformativa.mx\/wp-content\/uploads\/2025\/09\/NMEG6U4FVJDQPFE6XQOA4PQLTY.avif\" alt=\"\" class=\"wp-image-1164 size-full\" srcset=\"https:\/\/interaccioninformativa.mx\/wp-content\/uploads\/2025\/09\/NMEG6U4FVJDQPFE6XQOA4PQLTY.avif 992w, https:\/\/interaccioninformativa.mx\/wp-content\/uploads\/2025\/09\/NMEG6U4FVJDQPFE6XQOA4PQLTY-300x169.avif 300w, https:\/\/interaccioninformativa.mx\/wp-content\/uploads\/2025\/09\/NMEG6U4FVJDQPFE6XQOA4PQLTY-768x432.avif 768w, https:\/\/interaccioninformativa.mx\/wp-content\/uploads\/2025\/09\/NMEG6U4FVJDQPFE6XQOA4PQLTY-678x381.avif 678w\" sizes=\"auto, (max-width: 992px) 100vw, 992px\" \/><\/figure><div class=\"wp-block-media-text__content\">\n<p>El exsecretario de Seguridad de Tabasco, Hern\u00e1n Berm\u00fadez Requena, alias \u201cEl Abuelo\u201d, detenido el pasado viernes 12 de septiembre en Paraguay, ten\u00eda planes de instalar una red criminal en ese pa\u00eds, asegur\u00f3 el titular de la Secretar\u00eda Nacional Antidrogas (SENAD), Jalil Rachid.<\/p>\n\n\n\n<p>Durante conferencia de prensa de este lunes, el funcionario destac\u00f3 que la captura del presunto l\u00edder del grupo criminal \u201cLa Barredora\u201d, fue posible gracias a un operativo internacional en el que participaron autoridades de inteligencia y justicia de M\u00e9xico y Paraguay.<\/p>\n\n\n\n<p>\u201cNo podemos permitir que estructuras o l\u00edderes de estructuras vinculadas al crimen organizado se instalen en nuestro pa\u00eds\u201d, detall\u00f3 el titular de la SENAD.<\/p>\n<\/div><\/div>\n\n\n\n<figure class=\"wp-block-image size-full\"><img loading=\"lazy\" decoding=\"async\" width=\"992\" height=\"752\" src=\"https:\/\/interaccioninformativa.mx\/wp-content\/uploads\/2025\/09\/KUESRR5YNRCX5LARD7VCV2FOSU.avif\" alt=\"\" class=\"wp-image-1166\" srcset=\"https:\/\/interaccioninformativa.mx\/wp-content\/uploads\/2025\/09\/KUESRR5YNRCX5LARD7VCV2FOSU.avif 992w, https:\/\/interaccioninformativa.mx\/wp-content\/uploads\/2025\/09\/KUESRR5YNRCX5LARD7VCV2FOSU-300x227.avif 300w, https:\/\/interaccioninformativa.mx\/wp-content\/uploads\/2025\/09\/KUESRR5YNRCX5LARD7VCV2FOSU-768x582.avif 768w, https:\/\/interaccioninformativa.mx\/wp-content\/uploads\/2025\/09\/KUESRR5YNRCX5LARD7VCV2FOSU-80x60.avif 80w\" sizes=\"auto, (max-width: 992px) 100vw, 992px\" \/><\/figure>\n","protected":false},"excerpt":{"rendered":"<div class=\"mh-excerpt\"><p>El exsecretario de Seguridad de Tabasco, Hern\u00e1n Berm\u00fadez Requena, alias \u201cEl Abuelo\u201d, detenido el pasado viernes 12 de septiembre en Paraguay, ten\u00eda planes de instalar <a class=\"mh-excerpt-more\" href=\"https:\/\/interaccioninformativa.mx\/index.php\/2025\/09\/15\/autoridades-mexicanas-ubicaron-a-bermudez-requena-en-paraguay-desde-marzo-con-planes-de-consolidar-un-grupo-criminal\/\" title=\"Autoridades mexicanas ubicaron a Berm\u00fadez Requena en Paraguay desde marzo, con planes de consolidar un grupo criminal.\">[&#8230;]<\/a><\/p>\n<\/div>","protected":false},"author":1,"featured_media":1164,"comment_status":"open","ping_status":"closed","sticky":false,"template":"","format":"standard","meta":{"footnotes":""},"categories":[1],"tags":[],"class_list":["post-1163","post","type-post","status-publish","format-standard","has-post-thumbnail","hentry","category-noticias"],"_links":{"self":[{"href":"https:\/\/interaccioninformativa.mx\/index.php\/wp-json\/wp\/v2\/posts\/1163","targetHints":{"allow":["GET"]}}],"collection":[{"href":"https:\/\/interaccioninformativa.mx\/index.php\/wp-json\/wp\/v2\/posts"}],"about":[{"href":"https:\/\/interaccioninformativa.mx\/index.php\/wp-json\/wp\/v2\/types\/post"}],"author":[{"embeddable":true,"href":"https:\/\/interaccioninformativa.mx\/index.php\/wp-json\/wp\/v2\/users\/1"}],"replies":[{"embeddable":true,"href":"https:\/\/interaccioninformativa.mx\/index.php\/wp-json\/wp\/v2\/comments?post=1163"}],"version-history":[{"count":2,"href":"https:\/\/interaccioninformativa.mx\/index.php\/wp-json\/wp\/v2\/posts\/1163\/revisions"}],"predecessor-version":[{"id":1167,"href":"https:\/\/interaccioninformativa.mx\/index.php\/wp-json\/wp\/v2\/posts\/1163\/revisions\/1167"}],"wp:featuredmedia":[{"embeddable":true,"href":"https:\/\/interaccioninformativa.mx\/index.php\/wp-json\/wp\/v2\/media\/1164"}],"wp:attachment":[{"href":"https:\/\/interaccioninformativa.mx\/index.php\/wp-json\/wp\/v2\/media?parent=1163"}],"wp:term":[{"taxonomy":"category","embeddable":true,"href":"https:\/\/interaccioninformativa.mx\/index.php\/wp-json\/wp\/v2\/categories?post=1163"},{"taxonomy":"post_tag","embeddable":true,"href":"https:\/\/interaccioninformativa.mx\/index.php\/wp-json\/wp\/v2\/tags?post=1163"}],"curies":[{"name":"wp","href":"https:\/\/api.w.org\/{rel}","templated":true}]}}