{"id":1168,"date":"2025-09-15T16:39:41","date_gmt":"2025-09-15T16:39:41","guid":{"rendered":"https:\/\/interaccioninformativa.mx\/?p=1168"},"modified":"2025-09-15T16:39:41","modified_gmt":"2025-09-15T16:39:41","slug":"con-miras-al-grito-de-independencia-sheinbaum-exhibe-la-banda-presidencial-que-usara","status":"publish","type":"post","link":"https:\/\/interaccioninformativa.mx\/index.php\/2025\/09\/15\/con-miras-al-grito-de-independencia-sheinbaum-exhibe-la-banda-presidencial-que-usara\/","title":{"rendered":"Con miras al Grito de Independencia, Sheinbaum exhibe la banda presidencial que usar\u00e1."},"content":{"rendered":"\n<div class=\"wp-block-media-text is-stacked-on-mobile\"><figure class=\"wp-block-media-text__media\"><img loading=\"lazy\" decoding=\"async\" width=\"942\" height=\"532\" src=\"https:\/\/interaccioninformativa.mx\/wp-content\/uploads\/2025\/09\/la-banda-fue-confeccionado-por_0_18_1024_646.webp\" alt=\"\" class=\"wp-image-1169 size-full\" srcset=\"https:\/\/interaccioninformativa.mx\/wp-content\/uploads\/2025\/09\/la-banda-fue-confeccionado-por_0_18_1024_646.webp 942w, https:\/\/interaccioninformativa.mx\/wp-content\/uploads\/2025\/09\/la-banda-fue-confeccionado-por_0_18_1024_646-300x169.webp 300w, https:\/\/interaccioninformativa.mx\/wp-content\/uploads\/2025\/09\/la-banda-fue-confeccionado-por_0_18_1024_646-768x434.webp 768w\" sizes=\"auto, (max-width: 942px) 100vw, 942px\" \/><\/figure><div class=\"wp-block-media-text__content\">\n<p>La presidenta Claudia Sheinbaum Pardo presumi\u00f3 la banda presidencial, confeccionada por personal del Ej\u00e9rcito mexicano, que utilizar\u00e1 durante el Grito de Independencia de la noche del lunes 15 de septiembre y el desfile militar al d\u00eda siguiente.<\/p>\n\n\n\n<p>En un v\u00eddeo titulado Confecci\u00f3n de banda presidencial para la primera mujer presidenta de M\u00e9xico, la mandataria mostr\u00f3 el proceso de elaboraci\u00f3n de la prenda en la Direcci\u00f3n General de F\u00e1bricas de Vestuario y Equipo de la Secretar\u00eda de la Defensa Nacional (Defensa).<\/p>\n\n\n\n<p>\u00bfQu\u00e9 dijo Sheinbaum?&nbsp;<br>Entre las im\u00e1genes se incluye el momento en que un grupo de mujeres militares le toman las medidas para la banda presidencial y Sheinbaum la revela y dice:&nbsp;<\/p>\n\n\n\n<p>\u201cYa tengo una posibilidad de vestido. Ahorita se los ense\u00f1o\u201d, en referencia al atuendo que portar\u00e1 ma\u00f1ana por la noche.<\/p>\n<\/div><\/div>\n","protected":false},"excerpt":{"rendered":"<div class=\"mh-excerpt\"><p>La presidenta Claudia Sheinbaum Pardo presumi\u00f3 la banda presidencial, confeccionada por personal del Ej\u00e9rcito mexicano, que utilizar\u00e1 durante el Grito de Independencia de la noche <a class=\"mh-excerpt-more\" href=\"https:\/\/interaccioninformativa.mx\/index.php\/2025\/09\/15\/con-miras-al-grito-de-independencia-sheinbaum-exhibe-la-banda-presidencial-que-usara\/\" title=\"Con miras al Grito de Independencia, Sheinbaum exhibe la banda presidencial que usar\u00e1.\">[&#8230;]<\/a><\/p>\n<\/div>","protected":false},"author":1,"featured_media":1169,"comment_status":"open","ping_status":"closed","sticky":false,"template":"","format":"standard","meta":{"footnotes":""},"categories":[1],"tags":[],"class_list":["post-1168","post","type-post","status-publish","format-standard","has-post-thumbnail","hentry","category-noticias"],"_links":{"self":[{"href":"https:\/\/interaccioninformativa.mx\/index.php\/wp-json\/wp\/v2\/posts\/1168","targetHints":{"allow":["GET"]}}],"collection":[{"href":"https:\/\/interaccioninformativa.mx\/index.php\/wp-json\/wp\/v2\/posts"}],"about":[{"href":"https:\/\/interaccioninformativa.mx\/index.php\/wp-json\/wp\/v2\/types\/post"}],"author":[{"embeddable":true,"href":"https:\/\/interaccioninformativa.mx\/index.php\/wp-json\/wp\/v2\/users\/1"}],"replies":[{"embeddable":true,"href":"https:\/\/interaccioninformativa.mx\/index.php\/wp-json\/wp\/v2\/comments?post=1168"}],"version-history":[{"count":1,"href":"https:\/\/interaccioninformativa.mx\/index.php\/wp-json\/wp\/v2\/posts\/1168\/revisions"}],"predecessor-version":[{"id":1170,"href":"https:\/\/interaccioninformativa.mx\/index.php\/wp-json\/wp\/v2\/posts\/1168\/revisions\/1170"}],"wp:featuredmedia":[{"embeddable":true,"href":"https:\/\/interaccioninformativa.mx\/index.php\/wp-json\/wp\/v2\/media\/1169"}],"wp:attachment":[{"href":"https:\/\/interaccioninformativa.mx\/index.php\/wp-json\/wp\/v2\/media?parent=1168"}],"wp:term":[{"taxonomy":"category","embeddable":true,"href":"https:\/\/interaccioninformativa.mx\/index.php\/wp-json\/wp\/v2\/categories?post=1168"},{"taxonomy":"post_tag","embeddable":true,"href":"https:\/\/interaccioninformativa.mx\/index.php\/wp-json\/wp\/v2\/tags?post=1168"}],"curies":[{"name":"wp","href":"https:\/\/api.w.org\/{rel}","templated":true}]}}