{"id":1171,"date":"2025-09-15T16:42:54","date_gmt":"2025-09-15T16:42:54","guid":{"rendered":"https:\/\/interaccioninformativa.mx\/?p=1171"},"modified":"2025-09-15T16:42:54","modified_gmt":"2025-09-15T16:42:54","slug":"en-la-cdmx-un-temporal-deja-iztapalapa-anegada-y-problemas-en-la-linea-a-del-metro","status":"publish","type":"post","link":"https:\/\/interaccioninformativa.mx\/index.php\/2025\/09\/15\/en-la-cdmx-un-temporal-deja-iztapalapa-anegada-y-problemas-en-la-linea-a-del-metro\/","title":{"rendered":"En la CDMX, un temporal deja Iztapalapa anegada y problemas en la L\u00ednea A del Metro."},"content":{"rendered":"\n<div class=\"wp-block-media-text is-stacked-on-mobile\"><figure class=\"wp-block-media-text__media\"><img loading=\"lazy\" decoding=\"async\" width=\"770\" height=\"530\" src=\"https:\/\/interaccioninformativa.mx\/wp-content\/uploads\/2025\/09\/3380059.webp\" alt=\"\" class=\"wp-image-1172 size-full\" srcset=\"https:\/\/interaccioninformativa.mx\/wp-content\/uploads\/2025\/09\/3380059.webp 770w, https:\/\/interaccioninformativa.mx\/wp-content\/uploads\/2025\/09\/3380059-300x206.webp 300w, https:\/\/interaccioninformativa.mx\/wp-content\/uploads\/2025\/09\/3380059-768x529.webp 768w\" sizes=\"auto, (max-width: 770px) 100vw, 770px\" \/><\/figure><div class=\"wp-block-media-text__content\">\n<p>La fuerte lluvia que cay\u00f3 este domingo en la Ciudad de M\u00e9xico (CDMX) dej\u00f3 afectaciones principalmente en la alcald\u00eda Iztapalapa, como la inundaci\u00f3n en la Calzada Ignacio Zaragoza a la altura del Distribuidor Vial La Concordia y la L\u00ednea A del Metro.<\/p>\n\n\n\n<p>La Secretar\u00eda de Gesti\u00f3n Integral de Riesgos y Protecci\u00f3n Civil activ\u00f3 la alerta roja para Iztapalapa y la naranja para Tl\u00e1huac, Tlalpan y Xochimilco, as\u00ed como amarilla para las dem\u00e1s alcald\u00edas.<\/p>\n\n\n\n<p>Elementos de la Secretar\u00eda de Seguridad Ciudadana rescataron a personas que quedaron dentro de veh\u00edculos varados en la inundaci\u00f3n de Calzada Ignacio Zaragoza.<\/p>\n\n\n\n<p>Los polic\u00edas tambi\u00e9n apoyaron a cuatro menores que quedaron atrapados en su casa luego de que un \u00e1rbol cay\u00f3 sobre su vivienda ubicada en la colonia Ej\u00e9rcito de Oriente.<br>En la colonia Ej\u00e9rcito de Oriente se report\u00f3 un encharcamiento que afect\u00f3 cinco casas con tirante de 15 cent\u00edmetros en patios.<\/p>\n\n\n\n<p>Las autoridades reportaron inundaciones en vialidades de Iztapalapa como Avenida Tl\u00e1huac, Eje 8 Sur, Avenida de las Torres, Calzada Ignacio Zaragoza, entre otras.<\/p>\n\n\n\n<p>Tambi\u00e9n llovi\u00f3 fuerte en Tlalpan, Magdalena Contreras, Gustavo A. Madero, Azcapotzalco, Benito Ju\u00e1rez, \u00c1lvaro Obreg\u00f3n y Coyoac\u00e1n.<\/p>\n\n\n\n<p>Tambi\u00e9n se reportaron afectaciones severas en el municipio mexiquense de Los Reyes La Paz.<\/p>\n<\/div><\/div>\n","protected":false},"excerpt":{"rendered":"<div class=\"mh-excerpt\"><p>La fuerte lluvia que cay\u00f3 este domingo en la Ciudad de M\u00e9xico (CDMX) dej\u00f3 afectaciones principalmente en la alcald\u00eda Iztapalapa, como la inundaci\u00f3n en la <a class=\"mh-excerpt-more\" href=\"https:\/\/interaccioninformativa.mx\/index.php\/2025\/09\/15\/en-la-cdmx-un-temporal-deja-iztapalapa-anegada-y-problemas-en-la-linea-a-del-metro\/\" title=\"En la CDMX, un temporal deja Iztapalapa anegada y problemas en la L\u00ednea A del Metro.\">[&#8230;]<\/a><\/p>\n<\/div>","protected":false},"author":1,"featured_media":1172,"comment_status":"open","ping_status":"closed","sticky":false,"template":"","format":"standard","meta":{"footnotes":""},"categories":[1],"tags":[],"class_list":["post-1171","post","type-post","status-publish","format-standard","has-post-thumbnail","hentry","category-noticias"],"_links":{"self":[{"href":"https:\/\/interaccioninformativa.mx\/index.php\/wp-json\/wp\/v2\/posts\/1171","targetHints":{"allow":["GET"]}}],"collection":[{"href":"https:\/\/interaccioninformativa.mx\/index.php\/wp-json\/wp\/v2\/posts"}],"about":[{"href":"https:\/\/interaccioninformativa.mx\/index.php\/wp-json\/wp\/v2\/types\/post"}],"author":[{"embeddable":true,"href":"https:\/\/interaccioninformativa.mx\/index.php\/wp-json\/wp\/v2\/users\/1"}],"replies":[{"embeddable":true,"href":"https:\/\/interaccioninformativa.mx\/index.php\/wp-json\/wp\/v2\/comments?post=1171"}],"version-history":[{"count":1,"href":"https:\/\/interaccioninformativa.mx\/index.php\/wp-json\/wp\/v2\/posts\/1171\/revisions"}],"predecessor-version":[{"id":1173,"href":"https:\/\/interaccioninformativa.mx\/index.php\/wp-json\/wp\/v2\/posts\/1171\/revisions\/1173"}],"wp:featuredmedia":[{"embeddable":true,"href":"https:\/\/interaccioninformativa.mx\/index.php\/wp-json\/wp\/v2\/media\/1172"}],"wp:attachment":[{"href":"https:\/\/interaccioninformativa.mx\/index.php\/wp-json\/wp\/v2\/media?parent=1171"}],"wp:term":[{"taxonomy":"category","embeddable":true,"href":"https:\/\/interaccioninformativa.mx\/index.php\/wp-json\/wp\/v2\/categories?post=1171"},{"taxonomy":"post_tag","embeddable":true,"href":"https:\/\/interaccioninformativa.mx\/index.php\/wp-json\/wp\/v2\/tags?post=1171"}],"curies":[{"name":"wp","href":"https:\/\/api.w.org\/{rel}","templated":true}]}}