{"id":1181,"date":"2025-09-16T16:30:03","date_gmt":"2025-09-16T16:30:03","guid":{"rendered":"https:\/\/interaccioninformativa.mx\/?p=1181"},"modified":"2025-09-17T16:30:14","modified_gmt":"2025-09-17T16:30:14","slug":"mexico-asegura-su-boleto-al-preolimpico-de-invierno-2025","status":"publish","type":"post","link":"https:\/\/interaccioninformativa.mx\/index.php\/2025\/09\/16\/mexico-asegura-su-boleto-al-preolimpico-de-invierno-2025\/","title":{"rendered":"M\u00e9xico asegura su boleto al Preol\u00edmpico de Invierno 2025."},"content":{"rendered":"\n<div class=\"wp-block-media-text is-stacked-on-mobile\"><figure class=\"wp-block-media-text__media\"><img loading=\"lazy\" decoding=\"async\" width=\"800\" height=\"600\" src=\"https:\/\/interaccioninformativa.mx\/wp-content\/uploads\/2025\/09\/PREOLIMPICO-PATINAJE.jpg\" alt=\"\" class=\"wp-image-1182 size-full\" srcset=\"https:\/\/interaccioninformativa.mx\/wp-content\/uploads\/2025\/09\/PREOLIMPICO-PATINAJE.jpg 800w, https:\/\/interaccioninformativa.mx\/wp-content\/uploads\/2025\/09\/PREOLIMPICO-PATINAJE-300x225.jpg 300w, https:\/\/interaccioninformativa.mx\/wp-content\/uploads\/2025\/09\/PREOLIMPICO-PATINAJE-768x576.jpg 768w, https:\/\/interaccioninformativa.mx\/wp-content\/uploads\/2025\/09\/PREOLIMPICO-PATINAJE-678x509.jpg 678w, https:\/\/interaccioninformativa.mx\/wp-content\/uploads\/2025\/09\/PREOLIMPICO-PATINAJE-326x245.jpg 326w, https:\/\/interaccioninformativa.mx\/wp-content\/uploads\/2025\/09\/PREOLIMPICO-PATINAJE-80x60.jpg 80w\" sizes=\"auto, (max-width: 800px) 100vw, 800px\" \/><\/figure><div class=\"wp-block-media-text__content\">\n<p>La participaci\u00f3n de patinadores mexicanos en los Juegos Ol\u00edmpicos de Invierno Milano \u2013 Cortina 2026 podr\u00eda convertirse en realidad.<\/p>\n\n\n\n<p>Cuatro deportistas, asistir\u00e1n al Preol\u00edmpico en Beijing, China del 17 al 21 de septiembre.<\/p>\n\n\n\n<p>.<\/p>\n\n\n\n<p>Patinadores Individuales<\/p>\n\n\n\n<p>Donovan Carrillo se convirti\u00f3 en el segundo mexicano en participar en una justa ol\u00edmpica invernal en patinaje art\u00edstico, luego de Ricardo Olavarrieta, quien lo hizo en Calgary 88 y en Albertville \u201892.<\/p>\n\n\n\n<p>Donovan debut\u00f3 en Beijing 2022 donde se ubic\u00f3 en la posici\u00f3n 22.<\/p>\n\n\n\n<p>Con el objetivo de clasificar a los Juegos de Invierno, Donovan cambi\u00f3 su residencia a Canad\u00e1 para modificar su rutina y concentrarse al 100% en su preparaci\u00f3n<\/p>\n<\/div><\/div>\n","protected":false},"excerpt":{"rendered":"<div class=\"mh-excerpt\"><p>La participaci\u00f3n de patinadores mexicanos en los Juegos Ol\u00edmpicos de Invierno Milano \u2013 Cortina 2026 podr\u00eda convertirse en realidad. Cuatro deportistas, asistir\u00e1n al Preol\u00edmpico en <a class=\"mh-excerpt-more\" href=\"https:\/\/interaccioninformativa.mx\/index.php\/2025\/09\/16\/mexico-asegura-su-boleto-al-preolimpico-de-invierno-2025\/\" title=\"M\u00e9xico asegura su boleto al Preol\u00edmpico de Invierno 2025.\">[&#8230;]<\/a><\/p>\n<\/div>","protected":false},"author":1,"featured_media":1182,"comment_status":"open","ping_status":"closed","sticky":false,"template":"","format":"standard","meta":{"footnotes":""},"categories":[1],"tags":[],"class_list":["post-1181","post","type-post","status-publish","format-standard","has-post-thumbnail","hentry","category-noticias"],"_links":{"self":[{"href":"https:\/\/interaccioninformativa.mx\/index.php\/wp-json\/wp\/v2\/posts\/1181","targetHints":{"allow":["GET"]}}],"collection":[{"href":"https:\/\/interaccioninformativa.mx\/index.php\/wp-json\/wp\/v2\/posts"}],"about":[{"href":"https:\/\/interaccioninformativa.mx\/index.php\/wp-json\/wp\/v2\/types\/post"}],"author":[{"embeddable":true,"href":"https:\/\/interaccioninformativa.mx\/index.php\/wp-json\/wp\/v2\/users\/1"}],"replies":[{"embeddable":true,"href":"https:\/\/interaccioninformativa.mx\/index.php\/wp-json\/wp\/v2\/comments?post=1181"}],"version-history":[{"count":1,"href":"https:\/\/interaccioninformativa.mx\/index.php\/wp-json\/wp\/v2\/posts\/1181\/revisions"}],"predecessor-version":[{"id":1183,"href":"https:\/\/interaccioninformativa.mx\/index.php\/wp-json\/wp\/v2\/posts\/1181\/revisions\/1183"}],"wp:featuredmedia":[{"embeddable":true,"href":"https:\/\/interaccioninformativa.mx\/index.php\/wp-json\/wp\/v2\/media\/1182"}],"wp:attachment":[{"href":"https:\/\/interaccioninformativa.mx\/index.php\/wp-json\/wp\/v2\/media?parent=1181"}],"wp:term":[{"taxonomy":"category","embeddable":true,"href":"https:\/\/interaccioninformativa.mx\/index.php\/wp-json\/wp\/v2\/categories?post=1181"},{"taxonomy":"post_tag","embeddable":true,"href":"https:\/\/interaccioninformativa.mx\/index.php\/wp-json\/wp\/v2\/tags?post=1181"}],"curies":[{"name":"wp","href":"https:\/\/api.w.org\/{rel}","templated":true}]}}