{"id":1199,"date":"2025-09-18T16:19:43","date_gmt":"2025-09-18T16:19:43","guid":{"rendered":"https:\/\/interaccioninformativa.mx\/?p=1199"},"modified":"2025-09-18T16:19:43","modified_gmt":"2025-09-18T16:19:43","slug":"el-vuelo-de-bermudez-requena-a-mexico-se-demora-debido-a-una-prolongada-parada-en-colombia","status":"publish","type":"post","link":"https:\/\/interaccioninformativa.mx\/index.php\/2025\/09\/18\/el-vuelo-de-bermudez-requena-a-mexico-se-demora-debido-a-una-prolongada-parada-en-colombia\/","title":{"rendered":"El vuelo de Berm\u00fadez Requena a M\u00e9xico se demora debido a una prolongada parada en Colombia."},"content":{"rendered":"\n<div class=\"wp-block-media-text is-stacked-on-mobile\"><figure class=\"wp-block-media-text__media\"><img loading=\"lazy\" decoding=\"async\" width=\"1024\" height=\"683\" src=\"https:\/\/interaccioninformativa.mx\/wp-content\/uploads\/2025\/09\/se-retrasa-arribo-de-bermudez-requena-a-mexico-avion-extiende-su-escala-en-colombia_ae1fde2c-4c13-4d0f-a715-d50e0a96b6f8_medialjnimgndimagefullsize-1024x683.webp\" alt=\"\" class=\"wp-image-1200 size-full\" srcset=\"https:\/\/interaccioninformativa.mx\/wp-content\/uploads\/2025\/09\/se-retrasa-arribo-de-bermudez-requena-a-mexico-avion-extiende-su-escala-en-colombia_ae1fde2c-4c13-4d0f-a715-d50e0a96b6f8_medialjnimgndimagefullsize-1024x683.webp 1024w, https:\/\/interaccioninformativa.mx\/wp-content\/uploads\/2025\/09\/se-retrasa-arribo-de-bermudez-requena-a-mexico-avion-extiende-su-escala-en-colombia_ae1fde2c-4c13-4d0f-a715-d50e0a96b6f8_medialjnimgndimagefullsize-300x200.webp 300w, https:\/\/interaccioninformativa.mx\/wp-content\/uploads\/2025\/09\/se-retrasa-arribo-de-bermudez-requena-a-mexico-avion-extiende-su-escala-en-colombia_ae1fde2c-4c13-4d0f-a715-d50e0a96b6f8_medialjnimgndimagefullsize-768x512.webp 768w, https:\/\/interaccioninformativa.mx\/wp-content\/uploads\/2025\/09\/se-retrasa-arribo-de-bermudez-requena-a-mexico-avion-extiende-su-escala-en-colombia_ae1fde2c-4c13-4d0f-a715-d50e0a96b6f8_medialjnimgndimagefullsize.webp 1200w\" sizes=\"auto, (max-width: 1024px) 100vw, 1024px\" \/><\/figure><div class=\"wp-block-media-text__content\">\n<p>El vuelo que traslada de Paraguay al ex secretario de Seguridad P\u00fablica de Tabasco Hern\u00e1n Berm\u00fadez Requena El Abuelo, reprogram\u00f3 su salida para este jueves a las 7:20 de la ma\u00f1ana del Aeropuerto Internacional de El Dorado, en Bogota, Colombia, donde hizo una primera escala, con destino a Tapachula, Chiapas y de ah\u00ed despegar\u00eda al Aeropuerto Internacional de Toluca.<\/p>\n\n\n\n<p>De acuerdo con el portal de rastreo de vuelos FlightAware, que da seguimiento al itinerario del avi\u00f3n Bombardier Challenger 605, con matr\u00edcula XB-NWD, de la Fiscal\u00eda General de la Rep\u00fablica (FGR), indica que la aeronave despegar\u00e1 el jueves a las 7:20 de la ma\u00f1ana de Colombia y llegar\u00eda a Tapachula, Chiapas a las 8:37 de la ma\u00f1ana.<\/p>\n\n\n\n<p>El ex funcionario ser\u00e1 trasladado al Centro Federal de Reinserci\u00f3n Social n\u00famero 1 \u201cAltiplano\u201d, en Almoloya de Ju\u00e1rez, en estado de M\u00e9xico, en un cami\u00f3n blindado conocido como &#8216;Rino&#8217; y a trav\u00e9s de un fuerte dispositivo de seguridad.<\/p>\n\n\n\n<p>Este mi\u00e9rcoles el titular de la Secretar\u00eda de Seguridad y Protecci\u00f3n Ciudadana (SSPC), Omar Garc\u00eda Harfuch, inform\u00f3 que el l\u00edder de La Barredora fue entregado a M\u00e9xico para cumplimentar la orden de aprehensi\u00f3n en su contra.<\/p>\n\n\n\n<p>Incluso agradeci\u00f3 la firme colaboraci\u00f3n y apoyo del presidente de Paraguay, Santiago Pe\u00f1a, quien notific\u00f3 la decisi\u00f3n de expulsar al ex servidor p\u00fablico por no contar con un ingreso ni estancia regular en ese pa\u00eds. \u00abEl detenido ser\u00e1 ingresado al Cefereso 1 para continuar su proceso jur\u00eddico\u00bb indic\u00f3 Garc\u00eda Harfuch en su cuenta de X.<\/p>\n\n\n\n<p>En Tabasco, la justicia local otorg\u00f3 un mandamiento para capturar Berm\u00fadez Requena, a quien se acusa de asociaci\u00f3n delictuosa, extorsi\u00f3n y secuestro.<\/p>\n\n\n\n<p>De acuerdo con el itinerario del avi\u00f3n que transporta a Berm\u00fadez Requena, despeg\u00f3 del Aeropuerto Internacional Silvio Pettirossi, terminal con mayor actividad y conexi\u00f3n a\u00e9reas de Paraguay, con destino al Aeropuerto Internacional El Dorado, en Bogot\u00e1, Colombia, donde hizo una primera escala.<\/p>\n\n\n\n<p>De ah\u00ed despegar\u00eda a las 817: de la noche rumbo a Tapachula, Chiapas, donde arribar\u00eda a las 10:38 para hacer su segunda escalada y abastecerse de combustible; sin embargo el itinerario se reprogram\u00f3 para este jueves.<\/p>\n\n\n\n<p>Hern\u00e1n Berm\u00fadez Requena, quien huy\u00f3 del pa\u00eds el pasado 26 de enero, fue detenido el fin de semana en Paraguay y se encuentra en prisi\u00f3n preventiva despu\u00e9s de rechazar la extradici\u00f3n voluntaria. La Interpol emiti\u00f3 en julio pasado una ficha roja para que autoridades de m\u00e1s de 190 pa\u00edses colaboraran en su ubicaci\u00f3n y captura.<\/p>\n<\/div><\/div>\n","protected":false},"excerpt":{"rendered":"<div class=\"mh-excerpt\"><p>El vuelo que traslada de Paraguay al ex secretario de Seguridad P\u00fablica de Tabasco Hern\u00e1n Berm\u00fadez Requena El Abuelo, reprogram\u00f3 su salida para este jueves <a class=\"mh-excerpt-more\" href=\"https:\/\/interaccioninformativa.mx\/index.php\/2025\/09\/18\/el-vuelo-de-bermudez-requena-a-mexico-se-demora-debido-a-una-prolongada-parada-en-colombia\/\" title=\"El vuelo de Berm\u00fadez Requena a M\u00e9xico se demora debido a una prolongada parada en Colombia.\">[&#8230;]<\/a><\/p>\n<\/div>","protected":false},"author":1,"featured_media":1200,"comment_status":"open","ping_status":"closed","sticky":false,"template":"","format":"standard","meta":{"footnotes":""},"categories":[1],"tags":[],"class_list":["post-1199","post","type-post","status-publish","format-standard","has-post-thumbnail","hentry","category-noticias"],"_links":{"self":[{"href":"https:\/\/interaccioninformativa.mx\/index.php\/wp-json\/wp\/v2\/posts\/1199","targetHints":{"allow":["GET"]}}],"collection":[{"href":"https:\/\/interaccioninformativa.mx\/index.php\/wp-json\/wp\/v2\/posts"}],"about":[{"href":"https:\/\/interaccioninformativa.mx\/index.php\/wp-json\/wp\/v2\/types\/post"}],"author":[{"embeddable":true,"href":"https:\/\/interaccioninformativa.mx\/index.php\/wp-json\/wp\/v2\/users\/1"}],"replies":[{"embeddable":true,"href":"https:\/\/interaccioninformativa.mx\/index.php\/wp-json\/wp\/v2\/comments?post=1199"}],"version-history":[{"count":1,"href":"https:\/\/interaccioninformativa.mx\/index.php\/wp-json\/wp\/v2\/posts\/1199\/revisions"}],"predecessor-version":[{"id":1201,"href":"https:\/\/interaccioninformativa.mx\/index.php\/wp-json\/wp\/v2\/posts\/1199\/revisions\/1201"}],"wp:featuredmedia":[{"embeddable":true,"href":"https:\/\/interaccioninformativa.mx\/index.php\/wp-json\/wp\/v2\/media\/1200"}],"wp:attachment":[{"href":"https:\/\/interaccioninformativa.mx\/index.php\/wp-json\/wp\/v2\/media?parent=1199"}],"wp:term":[{"taxonomy":"category","embeddable":true,"href":"https:\/\/interaccioninformativa.mx\/index.php\/wp-json\/wp\/v2\/categories?post=1199"},{"taxonomy":"post_tag","embeddable":true,"href":"https:\/\/interaccioninformativa.mx\/index.php\/wp-json\/wp\/v2\/tags?post=1199"}],"curies":[{"name":"wp","href":"https:\/\/api.w.org\/{rel}","templated":true}]}}