{"id":1209,"date":"2025-09-19T16:19:09","date_gmt":"2025-09-19T16:19:09","guid":{"rendered":"https:\/\/interaccioninformativa.mx\/?p=1209"},"modified":"2025-09-19T16:19:09","modified_gmt":"2025-09-19T16:19:09","slug":"cuatro-decadas-atras-un-temblor-destrozo-el-corazon-de-mexico-aunque-las-heridas-persisten-la-esperanza-de-reconstruir-sigue-viva","status":"publish","type":"post","link":"https:\/\/interaccioninformativa.mx\/index.php\/2025\/09\/19\/cuatro-decadas-atras-un-temblor-destrozo-el-corazon-de-mexico-aunque-las-heridas-persisten-la-esperanza-de-reconstruir-sigue-viva\/","title":{"rendered":"Cuatro d\u00e9cadas atr\u00e1s, un temblor destroz\u00f3 el coraz\u00f3n de M\u00e9xico. Aunque las heridas persisten, la esperanza de reconstruir sigue viva."},"content":{"rendered":"\n<div class=\"wp-block-media-text is-stacked-on-mobile\"><figure class=\"wp-block-media-text__media\"><img loading=\"lazy\" decoding=\"async\" width=\"1024\" height=\"576\" src=\"https:\/\/interaccioninformativa.mx\/wp-content\/uploads\/2025\/09\/20250918-mexico-earthquake-1985-es-hp-1024x576.webp\" alt=\"\" class=\"wp-image-1210 size-full\" srcset=\"https:\/\/interaccioninformativa.mx\/wp-content\/uploads\/2025\/09\/20250918-mexico-earthquake-1985-es-hp-1024x576.webp 1024w, https:\/\/interaccioninformativa.mx\/wp-content\/uploads\/2025\/09\/20250918-mexico-earthquake-1985-es-hp-300x169.webp 300w, https:\/\/interaccioninformativa.mx\/wp-content\/uploads\/2025\/09\/20250918-mexico-earthquake-1985-es-hp-768x432.webp 768w, https:\/\/interaccioninformativa.mx\/wp-content\/uploads\/2025\/09\/20250918-mexico-earthquake-1985-es-hp-678x381.webp 678w, https:\/\/interaccioninformativa.mx\/wp-content\/uploads\/2025\/09\/20250918-mexico-earthquake-1985-es-hp.webp 1160w\" sizes=\"auto, (max-width: 1024px) 100vw, 1024px\" \/><\/figure><div class=\"wp-block-media-text__content\">\n<p>Arturo Valverde ten\u00eda 12 a\u00f1os y apenas unas cuantas semanas de haber entrado al primer grado de secundaria cuando el sismo del 19 de septiembre de 1985 cambi\u00f3 su vida y la de millones de habitantes de la Ciudad de M\u00e9xico.<\/p>\n\n\n\n<p>Valverde estudiaba en la Escuela Secundaria Diurna 3, tambi\u00e9n conocida como \u201cNi\u00f1os H\u00e9roes\u201d, un plantel ubicado en la c\u00e9ntrica avenida Chapultepec. A la hora a la que se empez\u00f3 a sentir el temblor, las 7:19 de la ma\u00f1ana de ese jueves, la mayor\u00eda de los profesores y alumnos estaban en el patio esperando formarse para pasar a sus salones.<\/p>\n\n\n\n<p>Al principio \u2014record\u00f3\u2014, el movimiento de la tierra motiv\u00f3 entre los adolescentes \u201cgritos de relajo\u201d, que se transformaron en silencio, sorpresa y miedo cuando las ventanas comenzaron a romperse y la construcci\u00f3n colaps\u00f3. El desplome se produjo en solo unos segundos y gener\u00f3 una extensa nube de polvo que cubri\u00f3 todo el lugar.<\/p>\n\n\n\n<p>\u201cFue un instinto alejarnos del edificio\u201d, dijo Valverde, convencido de que \u00e9l y algunos de sus amigos lograron salvarse porque corrieron de inmediato.<\/p>\n<\/div><\/div>\n","protected":false},"excerpt":{"rendered":"<div class=\"mh-excerpt\"><p>Arturo Valverde ten\u00eda 12 a\u00f1os y apenas unas cuantas semanas de haber entrado al primer grado de secundaria cuando el sismo del 19 de septiembre <a class=\"mh-excerpt-more\" href=\"https:\/\/interaccioninformativa.mx\/index.php\/2025\/09\/19\/cuatro-decadas-atras-un-temblor-destrozo-el-corazon-de-mexico-aunque-las-heridas-persisten-la-esperanza-de-reconstruir-sigue-viva\/\" title=\"Cuatro d\u00e9cadas atr\u00e1s, un temblor destroz\u00f3 el coraz\u00f3n de M\u00e9xico. Aunque las heridas persisten, la esperanza de reconstruir sigue viva.\">[&#8230;]<\/a><\/p>\n<\/div>","protected":false},"author":1,"featured_media":1210,"comment_status":"open","ping_status":"closed","sticky":false,"template":"","format":"standard","meta":{"footnotes":""},"categories":[1],"tags":[],"class_list":["post-1209","post","type-post","status-publish","format-standard","has-post-thumbnail","hentry","category-noticias"],"_links":{"self":[{"href":"https:\/\/interaccioninformativa.mx\/index.php\/wp-json\/wp\/v2\/posts\/1209","targetHints":{"allow":["GET"]}}],"collection":[{"href":"https:\/\/interaccioninformativa.mx\/index.php\/wp-json\/wp\/v2\/posts"}],"about":[{"href":"https:\/\/interaccioninformativa.mx\/index.php\/wp-json\/wp\/v2\/types\/post"}],"author":[{"embeddable":true,"href":"https:\/\/interaccioninformativa.mx\/index.php\/wp-json\/wp\/v2\/users\/1"}],"replies":[{"embeddable":true,"href":"https:\/\/interaccioninformativa.mx\/index.php\/wp-json\/wp\/v2\/comments?post=1209"}],"version-history":[{"count":1,"href":"https:\/\/interaccioninformativa.mx\/index.php\/wp-json\/wp\/v2\/posts\/1209\/revisions"}],"predecessor-version":[{"id":1211,"href":"https:\/\/interaccioninformativa.mx\/index.php\/wp-json\/wp\/v2\/posts\/1209\/revisions\/1211"}],"wp:featuredmedia":[{"embeddable":true,"href":"https:\/\/interaccioninformativa.mx\/index.php\/wp-json\/wp\/v2\/media\/1210"}],"wp:attachment":[{"href":"https:\/\/interaccioninformativa.mx\/index.php\/wp-json\/wp\/v2\/media?parent=1209"}],"wp:term":[{"taxonomy":"category","embeddable":true,"href":"https:\/\/interaccioninformativa.mx\/index.php\/wp-json\/wp\/v2\/categories?post=1209"},{"taxonomy":"post_tag","embeddable":true,"href":"https:\/\/interaccioninformativa.mx\/index.php\/wp-json\/wp\/v2\/tags?post=1209"}],"curies":[{"name":"wp","href":"https:\/\/api.w.org\/{rel}","templated":true}]}}