{"id":121,"date":"2023-12-02T22:29:00","date_gmt":"2023-12-02T22:29:00","guid":{"rendered":"https:\/\/interaccioninformativa.mx\/?p=121"},"modified":"2025-07-11T22:30:33","modified_gmt":"2025-07-11T22:30:33","slug":"en-2024-nos-enfrentaremos-a-dos-proyectos-de-nacion-la-continuidad-o-el-cambio-noemi-luna","status":"publish","type":"post","link":"https:\/\/interaccioninformativa.mx\/index.php\/2023\/12\/02\/en-2024-nos-enfrentaremos-a-dos-proyectos-de-nacion-la-continuidad-o-el-cambio-noemi-luna\/","title":{"rendered":"En 2024 nos enfrentaremos a dos proyectos de naci\u00f3n, la continuidad o el cambio: Noem\u00ed Luna"},"content":{"rendered":"\n<div class=\"wp-block-media-text is-stacked-on-mobile\"><figure class=\"wp-block-media-text__media\"><img loading=\"lazy\" decoding=\"async\" width=\"1024\" height=\"574\" src=\"https:\/\/interaccioninformativa.mx\/wp-content\/uploads\/2025\/07\/17015500772-1024x574.jpeg\" alt=\"\" class=\"wp-image-122 size-full\" srcset=\"https:\/\/interaccioninformativa.mx\/wp-content\/uploads\/2025\/07\/17015500772-1024x574.jpeg 1024w, https:\/\/interaccioninformativa.mx\/wp-content\/uploads\/2025\/07\/17015500772-300x168.jpeg 300w, https:\/\/interaccioninformativa.mx\/wp-content\/uploads\/2025\/07\/17015500772-768x431.jpeg 768w, https:\/\/interaccioninformativa.mx\/wp-content\/uploads\/2025\/07\/17015500772.jpeg 1476w\" sizes=\"auto, (max-width: 1024px) 100vw, 1024px\" \/><\/figure><div class=\"wp-block-media-text__content\">\n<p>Hay una gran diferencia en los gobiernos del PAN y en la coalici\u00f3n Fuerza y Coraz\u00f3n por M\u00e9xico, en la que cabemos todos y sobre todo la ciudadan\u00eda.<\/p>\n<\/div><\/div>\n\n\n<p>La secretaria general del PAN, Noem\u00ed Luna, asegur\u00f3 que en las elecciones del 2024, las y los mexicanos se enfrentar\u00e1n a dos proyectos de naci\u00f3n: la continuidad o el cambio.<\/p>\n<p>De visita a Baja California Sur, en donde\u00a0 particip\u00f3 en el conversatorio, \u201cDi\u00e1logos por La Paz\u201d e imparti\u00f3 la conferencia magistral \u201cLa participaci\u00f3n de las mujeres por M\u00e9xico\u201d, la diputada federal se\u00f1al\u00f3 que el proyecto \u201cdesde la continuidad del poder\u201d, ha impuesto a una precandidata que representa un gobierno que ha sumergido al pa\u00eds en una grave crisis de inseguridad, que tiene al pa\u00eds inmerso en un periodo sangriento en el que han aumentado los homicidios dolosos, los secuestros y las desapariciones.<\/p>\n<p>\u201cHay una gran diferencia en los gobiernos del PAN y una gran diferencia en la coalici\u00f3n Fuerza y Coraz\u00f3n por M\u00e9xico, en la que cabemos todos y sobre todo la ciudadan\u00eda porque es un proyecto superior a los partidos pol\u00edticos y hay todas las condiciones para ganar\u201d contrast\u00f3.<\/p>\n<p>La panista denunci\u00f3 que en la entidad tambi\u00e9n hay promesas incumplidas, pues Andr\u00e9s Manuel L\u00f3pez Obrador fue a prometer que terminar\u00eda con los apagones y por capricho de no continuar con el proyecto de un gobierno de Acci\u00f3n Nacional, hoy La Paz sigue con apagones continuos, con desabasto de agua potable y con el increment\u00f3 de delincuencia organizada.<\/p>\n<p>Critic\u00f3 que la secretaria de Seguridad y Protecci\u00f3n Ciudadana, Rosa Icela Rodr\u00edguez, en su comparencia ante diputados les dijera que se est\u00e1 ganando la batalla con la pol\u00edtica de abrazos y no balazos y que a la ciudadan\u00eda le preocupa m\u00e1s los baches en las calles que la seguridad. \u201cEs una mentira lamentable\u201d, calific\u00f3 al se\u00f1alar que hoy m\u00e1s del 54% de la poblaci\u00f3n en M\u00e9xico se siente insegura.<\/p>\n<p>En la conferencia de prensa estuvieron presentes, la dirigente del PAN estatal y senadora, Guadalupe Salda\u00f1a Cisneros, la presidenta del PAN municipal y diputada local, Blanca M\u00e1rquez y la diputada federal Sonia Murillo.<\/p>","protected":false},"excerpt":{"rendered":"<div class=\"mh-excerpt\"><p>Hay una gran diferencia en los gobiernos del PAN y en la coalici\u00f3n Fuerza y Coraz\u00f3n por M\u00e9xico, en la que cabemos todos y sobre <a class=\"mh-excerpt-more\" href=\"https:\/\/interaccioninformativa.mx\/index.php\/2023\/12\/02\/en-2024-nos-enfrentaremos-a-dos-proyectos-de-nacion-la-continuidad-o-el-cambio-noemi-luna\/\" title=\"En 2024 nos enfrentaremos a dos proyectos de naci\u00f3n, la continuidad o el cambio: Noem\u00ed Luna\">[&#8230;]<\/a><\/p>\n<\/div>","protected":false},"author":1,"featured_media":122,"comment_status":"open","ping_status":"closed","sticky":false,"template":"","format":"standard","meta":{"footnotes":""},"categories":[1],"tags":[],"class_list":["post-121","post","type-post","status-publish","format-standard","has-post-thumbnail","hentry","category-noticias"],"_links":{"self":[{"href":"https:\/\/interaccioninformativa.mx\/index.php\/wp-json\/wp\/v2\/posts\/121","targetHints":{"allow":["GET"]}}],"collection":[{"href":"https:\/\/interaccioninformativa.mx\/index.php\/wp-json\/wp\/v2\/posts"}],"about":[{"href":"https:\/\/interaccioninformativa.mx\/index.php\/wp-json\/wp\/v2\/types\/post"}],"author":[{"embeddable":true,"href":"https:\/\/interaccioninformativa.mx\/index.php\/wp-json\/wp\/v2\/users\/1"}],"replies":[{"embeddable":true,"href":"https:\/\/interaccioninformativa.mx\/index.php\/wp-json\/wp\/v2\/comments?post=121"}],"version-history":[{"count":1,"href":"https:\/\/interaccioninformativa.mx\/index.php\/wp-json\/wp\/v2\/posts\/121\/revisions"}],"predecessor-version":[{"id":123,"href":"https:\/\/interaccioninformativa.mx\/index.php\/wp-json\/wp\/v2\/posts\/121\/revisions\/123"}],"wp:featuredmedia":[{"embeddable":true,"href":"https:\/\/interaccioninformativa.mx\/index.php\/wp-json\/wp\/v2\/media\/122"}],"wp:attachment":[{"href":"https:\/\/interaccioninformativa.mx\/index.php\/wp-json\/wp\/v2\/media?parent=121"}],"wp:term":[{"taxonomy":"category","embeddable":true,"href":"https:\/\/interaccioninformativa.mx\/index.php\/wp-json\/wp\/v2\/categories?post=121"},{"taxonomy":"post_tag","embeddable":true,"href":"https:\/\/interaccioninformativa.mx\/index.php\/wp-json\/wp\/v2\/tags?post=121"}],"curies":[{"name":"wp","href":"https:\/\/api.w.org\/{rel}","templated":true}]}}