{"id":1212,"date":"2025-09-19T16:21:21","date_gmt":"2025-09-19T16:21:21","guid":{"rendered":"https:\/\/interaccioninformativa.mx\/?p=1212"},"modified":"2025-09-19T16:21:21","modified_gmt":"2025-09-19T16:21:21","slug":"tras-un-arduo-viaje-desde-paraguay-hernan-bermudez-requena-cruza-las-puertas-del-penal-del-altiplano-donde-enfrentara-su-destino","status":"publish","type":"post","link":"https:\/\/interaccioninformativa.mx\/index.php\/2025\/09\/19\/tras-un-arduo-viaje-desde-paraguay-hernan-bermudez-requena-cruza-las-puertas-del-penal-del-altiplano-donde-enfrentara-su-destino\/","title":{"rendered":"Tras un arduo viaje desde Paraguay, Hern\u00e1n Berm\u00fadez Requena cruza las puertas del penal del Altiplano, donde enfrentar\u00e1 su destino."},"content":{"rendered":"\n<div class=\"wp-block-media-text is-stacked-on-mobile\"><figure class=\"wp-block-media-text__media\"><img loading=\"lazy\" decoding=\"async\" width=\"992\" height=\"558\" src=\"https:\/\/interaccioninformativa.mx\/wp-content\/uploads\/2025\/09\/7QF3G6GXXBFWRAYRX6UUGWODKI.avif\" alt=\"\" class=\"wp-image-1213 size-full\" srcset=\"https:\/\/interaccioninformativa.mx\/wp-content\/uploads\/2025\/09\/7QF3G6GXXBFWRAYRX6UUGWODKI.avif 992w, https:\/\/interaccioninformativa.mx\/wp-content\/uploads\/2025\/09\/7QF3G6GXXBFWRAYRX6UUGWODKI-300x169.avif 300w, https:\/\/interaccioninformativa.mx\/wp-content\/uploads\/2025\/09\/7QF3G6GXXBFWRAYRX6UUGWODKI-768x432.avif 768w, https:\/\/interaccioninformativa.mx\/wp-content\/uploads\/2025\/09\/7QF3G6GXXBFWRAYRX6UUGWODKI-678x381.avif 678w\" sizes=\"auto, (max-width: 992px) 100vw, 992px\" \/><\/figure><div class=\"wp-block-media-text__content\">\n<p>Hern\u00e1n Berm\u00fadez Requena, exsecretario de Seguridad P\u00fablica de Tabasco e identificado por autoridades mexicanas como presunto l\u00edder de \u201cLa Barredora\u201d, fue ingresado bajo estrictas medidas de seguridad al Centro Federal de Readaptaci\u00f3n Social (Cefereso) 1 \u201cEl Altiplano\u201d tras un largo viaje desde Paraguay luego de su expulsi\u00f3n de dicho pa\u00eds.<\/p>\n\n\n\n<p>El exsecretario de Seguridad de Ad\u00e1n Augusto fue ingresado tras un largo viaje de m\u00e1s de 30 horas desde Paraguay, con escala de 12 horas en Bogot\u00e1 y 6 horas y media en Tapachula.<\/p>\n\n\n\n<p>La aeronave XB-NWD traslad\u00f3 a Berm\u00fadez Requena desde Asunci\u00f3n hasta el Aeropuerto Internacional de Tapachula, Chiapas, para continuar hasta el Aeropuerto Internacional de Toluca, Estado de M\u00e9xico.<\/p>\n<\/div><\/div>\n","protected":false},"excerpt":{"rendered":"<div class=\"mh-excerpt\"><p>Hern\u00e1n Berm\u00fadez Requena, exsecretario de Seguridad P\u00fablica de Tabasco e identificado por autoridades mexicanas como presunto l\u00edder de \u201cLa Barredora\u201d, fue ingresado bajo estrictas medidas <a class=\"mh-excerpt-more\" href=\"https:\/\/interaccioninformativa.mx\/index.php\/2025\/09\/19\/tras-un-arduo-viaje-desde-paraguay-hernan-bermudez-requena-cruza-las-puertas-del-penal-del-altiplano-donde-enfrentara-su-destino\/\" title=\"Tras un arduo viaje desde Paraguay, Hern\u00e1n Berm\u00fadez Requena cruza las puertas del penal del Altiplano, donde enfrentar\u00e1 su destino.\">[&#8230;]<\/a><\/p>\n<\/div>","protected":false},"author":1,"featured_media":1213,"comment_status":"open","ping_status":"closed","sticky":false,"template":"","format":"standard","meta":{"footnotes":""},"categories":[1],"tags":[],"class_list":["post-1212","post","type-post","status-publish","format-standard","has-post-thumbnail","hentry","category-noticias"],"_links":{"self":[{"href":"https:\/\/interaccioninformativa.mx\/index.php\/wp-json\/wp\/v2\/posts\/1212","targetHints":{"allow":["GET"]}}],"collection":[{"href":"https:\/\/interaccioninformativa.mx\/index.php\/wp-json\/wp\/v2\/posts"}],"about":[{"href":"https:\/\/interaccioninformativa.mx\/index.php\/wp-json\/wp\/v2\/types\/post"}],"author":[{"embeddable":true,"href":"https:\/\/interaccioninformativa.mx\/index.php\/wp-json\/wp\/v2\/users\/1"}],"replies":[{"embeddable":true,"href":"https:\/\/interaccioninformativa.mx\/index.php\/wp-json\/wp\/v2\/comments?post=1212"}],"version-history":[{"count":1,"href":"https:\/\/interaccioninformativa.mx\/index.php\/wp-json\/wp\/v2\/posts\/1212\/revisions"}],"predecessor-version":[{"id":1214,"href":"https:\/\/interaccioninformativa.mx\/index.php\/wp-json\/wp\/v2\/posts\/1212\/revisions\/1214"}],"wp:featuredmedia":[{"embeddable":true,"href":"https:\/\/interaccioninformativa.mx\/index.php\/wp-json\/wp\/v2\/media\/1213"}],"wp:attachment":[{"href":"https:\/\/interaccioninformativa.mx\/index.php\/wp-json\/wp\/v2\/media?parent=1212"}],"wp:term":[{"taxonomy":"category","embeddable":true,"href":"https:\/\/interaccioninformativa.mx\/index.php\/wp-json\/wp\/v2\/categories?post=1212"},{"taxonomy":"post_tag","embeddable":true,"href":"https:\/\/interaccioninformativa.mx\/index.php\/wp-json\/wp\/v2\/tags?post=1212"}],"curies":[{"name":"wp","href":"https:\/\/api.w.org\/{rel}","templated":true}]}}