{"id":1215,"date":"2025-09-19T16:36:15","date_gmt":"2025-09-19T16:36:15","guid":{"rendered":"https:\/\/interaccioninformativa.mx\/?p=1215"},"modified":"2025-09-19T16:36:15","modified_gmt":"2025-09-19T16:36:15","slug":"la-explosion-de-una-pipa-en-iztapalapa-cobra-otra-vida-abril-diaz-castaneda-fallece-y-la-cifra-de-victimas-mortales-alcanza-las-22-en-medio-de-cuestionamientos-por-la-seguridad","status":"publish","type":"post","link":"https:\/\/interaccioninformativa.mx\/index.php\/2025\/09\/19\/la-explosion-de-una-pipa-en-iztapalapa-cobra-otra-vida-abril-diaz-castaneda-fallece-y-la-cifra-de-victimas-mortales-alcanza-las-22-en-medio-de-cuestionamientos-por-la-seguridad\/","title":{"rendered":"La explosi\u00f3n de una pipa en Iztapalapa cobra otra vida: Abril D\u00edaz Casta\u00f1eda fallece, y la cifra de v\u00edctimas mortales alcanza las 22, en medio de cuestionamientos por la seguridad."},"content":{"rendered":"\n<div class=\"wp-block-media-text is-stacked-on-mobile\"><figure class=\"wp-block-media-text__media\"><img loading=\"lazy\" decoding=\"async\" width=\"992\" height=\"558\" src=\"https:\/\/interaccioninformativa.mx\/wp-content\/uploads\/2025\/09\/FUOMX7VVERFLHOJVNSQCB5V34Q.avif\" alt=\"\" class=\"wp-image-1216 size-full\" srcset=\"https:\/\/interaccioninformativa.mx\/wp-content\/uploads\/2025\/09\/FUOMX7VVERFLHOJVNSQCB5V34Q.avif 992w, https:\/\/interaccioninformativa.mx\/wp-content\/uploads\/2025\/09\/FUOMX7VVERFLHOJVNSQCB5V34Q-300x169.avif 300w, https:\/\/interaccioninformativa.mx\/wp-content\/uploads\/2025\/09\/FUOMX7VVERFLHOJVNSQCB5V34Q-768x432.avif 768w, https:\/\/interaccioninformativa.mx\/wp-content\/uploads\/2025\/09\/FUOMX7VVERFLHOJVNSQCB5V34Q-678x381.avif 678w\" sizes=\"auto, (max-width: 992px) 100vw, 992px\" \/><\/figure><div class=\"wp-block-media-text__content\">\n<p>Autoridades de la Secretar\u00eda de Salud de la Ciudad de M\u00e9xico confirmaron el fallecimiento de Abril D\u00edaz Casta\u00f1eda, quien se encontraba en estado cr\u00edtico tras la explosi\u00f3n de una pipa de gas LP en el Puente de La Concordia, en la alcald\u00eda Iztapalapa. Con esta muerte, el n\u00famero de personas fallecidas tras el accidente ocurrido el pasado 10 de septiembre se ha elevado a 22.<\/p>\n\n\n\n<p>Seg\u00fan el \u00faltimo reporte de la Sedesa, publicado pasadas las 22:00 horas, hasta la noche de este 18 de septiembre al menos 25 personas permanecen hospitalizadas, mientras que otras 37 ya han sido dadas de alta.<\/p>\n<\/div><\/div>\n","protected":false},"excerpt":{"rendered":"<div class=\"mh-excerpt\"><p>Autoridades de la Secretar\u00eda de Salud de la Ciudad de M\u00e9xico confirmaron el fallecimiento de Abril D\u00edaz Casta\u00f1eda, quien se encontraba en estado cr\u00edtico tras <a class=\"mh-excerpt-more\" href=\"https:\/\/interaccioninformativa.mx\/index.php\/2025\/09\/19\/la-explosion-de-una-pipa-en-iztapalapa-cobra-otra-vida-abril-diaz-castaneda-fallece-y-la-cifra-de-victimas-mortales-alcanza-las-22-en-medio-de-cuestionamientos-por-la-seguridad\/\" title=\"La explosi\u00f3n de una pipa en Iztapalapa cobra otra vida: Abril D\u00edaz Casta\u00f1eda fallece, y la cifra de v\u00edctimas mortales alcanza las 22, en medio de cuestionamientos por la seguridad.\">[&#8230;]<\/a><\/p>\n<\/div>","protected":false},"author":1,"featured_media":1216,"comment_status":"open","ping_status":"closed","sticky":false,"template":"","format":"standard","meta":{"footnotes":""},"categories":[1],"tags":[],"class_list":["post-1215","post","type-post","status-publish","format-standard","has-post-thumbnail","hentry","category-noticias"],"_links":{"self":[{"href":"https:\/\/interaccioninformativa.mx\/index.php\/wp-json\/wp\/v2\/posts\/1215","targetHints":{"allow":["GET"]}}],"collection":[{"href":"https:\/\/interaccioninformativa.mx\/index.php\/wp-json\/wp\/v2\/posts"}],"about":[{"href":"https:\/\/interaccioninformativa.mx\/index.php\/wp-json\/wp\/v2\/types\/post"}],"author":[{"embeddable":true,"href":"https:\/\/interaccioninformativa.mx\/index.php\/wp-json\/wp\/v2\/users\/1"}],"replies":[{"embeddable":true,"href":"https:\/\/interaccioninformativa.mx\/index.php\/wp-json\/wp\/v2\/comments?post=1215"}],"version-history":[{"count":1,"href":"https:\/\/interaccioninformativa.mx\/index.php\/wp-json\/wp\/v2\/posts\/1215\/revisions"}],"predecessor-version":[{"id":1217,"href":"https:\/\/interaccioninformativa.mx\/index.php\/wp-json\/wp\/v2\/posts\/1215\/revisions\/1217"}],"wp:featuredmedia":[{"embeddable":true,"href":"https:\/\/interaccioninformativa.mx\/index.php\/wp-json\/wp\/v2\/media\/1216"}],"wp:attachment":[{"href":"https:\/\/interaccioninformativa.mx\/index.php\/wp-json\/wp\/v2\/media?parent=1215"}],"wp:term":[{"taxonomy":"category","embeddable":true,"href":"https:\/\/interaccioninformativa.mx\/index.php\/wp-json\/wp\/v2\/categories?post=1215"},{"taxonomy":"post_tag","embeddable":true,"href":"https:\/\/interaccioninformativa.mx\/index.php\/wp-json\/wp\/v2\/tags?post=1215"}],"curies":[{"name":"wp","href":"https:\/\/api.w.org\/{rel}","templated":true}]}}