{"id":1219,"date":"2025-09-20T16:29:07","date_gmt":"2025-09-20T16:29:07","guid":{"rendered":"https:\/\/interaccioninformativa.mx\/?p=1219"},"modified":"2025-09-20T16:29:07","modified_gmt":"2025-09-20T16:29:07","slug":"la-tragedia-de-iztapalapa-cobra-una-nueva-vida-con-la-confirmacion-del-fallecimiento-de-erik-vicente-acevedo-sumando-un-total-de-26-perdidas-humanas","status":"publish","type":"post","link":"https:\/\/interaccioninformativa.mx\/index.php\/2025\/09\/20\/la-tragedia-de-iztapalapa-cobra-una-nueva-vida-con-la-confirmacion-del-fallecimiento-de-erik-vicente-acevedo-sumando-un-total-de-26-perdidas-humanas\/","title":{"rendered":"La tragedia de Iztapalapa cobra una nueva vida con la confirmaci\u00f3n del fallecimiento de Erik Vicente Acevedo, sumando un total de 26 p\u00e9rdidas humanas."},"content":{"rendered":"\n<div class=\"wp-block-media-text is-stacked-on-mobile\"><figure class=\"wp-block-media-text__media\"><img loading=\"lazy\" decoding=\"async\" width=\"992\" height=\"558\" src=\"https:\/\/interaccioninformativa.mx\/wp-content\/uploads\/2025\/09\/OST5TCV2HFFJDJPCEXJO2BEN6I-1.avif\" alt=\"\" class=\"wp-image-1220 size-full\" srcset=\"https:\/\/interaccioninformativa.mx\/wp-content\/uploads\/2025\/09\/OST5TCV2HFFJDJPCEXJO2BEN6I-1.avif 992w, https:\/\/interaccioninformativa.mx\/wp-content\/uploads\/2025\/09\/OST5TCV2HFFJDJPCEXJO2BEN6I-1-300x169.avif 300w, https:\/\/interaccioninformativa.mx\/wp-content\/uploads\/2025\/09\/OST5TCV2HFFJDJPCEXJO2BEN6I-1-768x432.avif 768w, https:\/\/interaccioninformativa.mx\/wp-content\/uploads\/2025\/09\/OST5TCV2HFFJDJPCEXJO2BEN6I-1-678x381.avif 678w\" sizes=\"auto, (max-width: 992px) 100vw, 992px\" \/><\/figure><div class=\"wp-block-media-text__content\">\n<p>El fallecimiento de Erik Vicente Acevedo, quien fue identificado como el conductor de un microb\u00fas que intervino para evacuar a los pasajeros durante la deflagraci\u00f3n de una pipa de gas en el Puente de la Concordia, ha sido confirmado por sus familiares a trav\u00e9s de redes sociales.<\/p>\n\n\n\n<p>Este hecho se suma a la cifra de personas fallecidas que registra 26 fallecimientos, seg\u00fan lo reportado por la Secretar\u00eda de Salud P\u00fablica de la Ciudad de M\u00e9xico (SSa) tras el accidente ocurrido el mi\u00e9rcoles 10 de septiembre en Iztapalapa, en el Puente de la Concordia.<\/p>\n\n\n\n<p>La noche de este viernes 20 de septiembre, la dependencia capitalina comunic\u00f3 que, adem\u00e1s de los decesos, 19 personas permanecen hospitalizadas y 39 ya han sido dadas de alta. La informaci\u00f3n fue difundida mediante la cuenta oficial de la Secretar\u00eda en X, donde se precis\u00f3: \u201cInformamos sobre el incidente en #Iztapalapa, confirmando que se mantienen 19 personas hospitalizadas, 39 personas ya fueron dadas de alta y 26 personas han fallecido, lamentablemente.\u201d<\/p>\n<\/div><\/div>\n","protected":false},"excerpt":{"rendered":"<div class=\"mh-excerpt\"><p>El fallecimiento de Erik Vicente Acevedo, quien fue identificado como el conductor de un microb\u00fas que intervino para evacuar a los pasajeros durante la deflagraci\u00f3n <a class=\"mh-excerpt-more\" href=\"https:\/\/interaccioninformativa.mx\/index.php\/2025\/09\/20\/la-tragedia-de-iztapalapa-cobra-una-nueva-vida-con-la-confirmacion-del-fallecimiento-de-erik-vicente-acevedo-sumando-un-total-de-26-perdidas-humanas\/\" title=\"La tragedia de Iztapalapa cobra una nueva vida con la confirmaci\u00f3n del fallecimiento de Erik Vicente Acevedo, sumando un total de 26 p\u00e9rdidas humanas.\">[&#8230;]<\/a><\/p>\n<\/div>","protected":false},"author":1,"featured_media":1220,"comment_status":"open","ping_status":"closed","sticky":false,"template":"","format":"standard","meta":{"footnotes":""},"categories":[1],"tags":[],"class_list":["post-1219","post","type-post","status-publish","format-standard","has-post-thumbnail","hentry","category-noticias"],"_links":{"self":[{"href":"https:\/\/interaccioninformativa.mx\/index.php\/wp-json\/wp\/v2\/posts\/1219","targetHints":{"allow":["GET"]}}],"collection":[{"href":"https:\/\/interaccioninformativa.mx\/index.php\/wp-json\/wp\/v2\/posts"}],"about":[{"href":"https:\/\/interaccioninformativa.mx\/index.php\/wp-json\/wp\/v2\/types\/post"}],"author":[{"embeddable":true,"href":"https:\/\/interaccioninformativa.mx\/index.php\/wp-json\/wp\/v2\/users\/1"}],"replies":[{"embeddable":true,"href":"https:\/\/interaccioninformativa.mx\/index.php\/wp-json\/wp\/v2\/comments?post=1219"}],"version-history":[{"count":1,"href":"https:\/\/interaccioninformativa.mx\/index.php\/wp-json\/wp\/v2\/posts\/1219\/revisions"}],"predecessor-version":[{"id":1221,"href":"https:\/\/interaccioninformativa.mx\/index.php\/wp-json\/wp\/v2\/posts\/1219\/revisions\/1221"}],"wp:featuredmedia":[{"embeddable":true,"href":"https:\/\/interaccioninformativa.mx\/index.php\/wp-json\/wp\/v2\/media\/1220"}],"wp:attachment":[{"href":"https:\/\/interaccioninformativa.mx\/index.php\/wp-json\/wp\/v2\/media?parent=1219"}],"wp:term":[{"taxonomy":"category","embeddable":true,"href":"https:\/\/interaccioninformativa.mx\/index.php\/wp-json\/wp\/v2\/categories?post=1219"},{"taxonomy":"post_tag","embeddable":true,"href":"https:\/\/interaccioninformativa.mx\/index.php\/wp-json\/wp\/v2\/tags?post=1219"}],"curies":[{"name":"wp","href":"https:\/\/api.w.org\/{rel}","templated":true}]}}