{"id":1236,"date":"2025-09-22T16:40:07","date_gmt":"2025-09-22T16:40:07","guid":{"rendered":"https:\/\/interaccioninformativa.mx\/?p=1236"},"modified":"2025-09-22T16:40:07","modified_gmt":"2025-09-22T16:40:07","slug":"los-ultimos-dias-de-debora-estrella-capturados-en-sus-historias-de-instagram-reflejan-su-vida-antes-del-tragico-accidente","status":"publish","type":"post","link":"https:\/\/interaccioninformativa.mx\/index.php\/2025\/09\/22\/los-ultimos-dias-de-debora-estrella-capturados-en-sus-historias-de-instagram-reflejan-su-vida-antes-del-tragico-accidente\/","title":{"rendered":"Los \u00faltimos d\u00edas de D\u00e9bora Estrella, capturados en sus historias de Instagram, reflejan su vida antes del tr\u00e1gico accidente."},"content":{"rendered":"\n<div class=\"wp-block-media-text is-stacked-on-mobile\"><figure class=\"wp-block-media-text__media\"><img loading=\"lazy\" decoding=\"async\" width=\"992\" height=\"558\" src=\"https:\/\/interaccioninformativa.mx\/wp-content\/uploads\/2025\/09\/NTK7TU77AZGGRPGTWCC2QV4Q2Y-1.avif\" alt=\"\" class=\"wp-image-1237 size-full\" srcset=\"https:\/\/interaccioninformativa.mx\/wp-content\/uploads\/2025\/09\/NTK7TU77AZGGRPGTWCC2QV4Q2Y-1.avif 992w, https:\/\/interaccioninformativa.mx\/wp-content\/uploads\/2025\/09\/NTK7TU77AZGGRPGTWCC2QV4Q2Y-1-300x169.avif 300w, https:\/\/interaccioninformativa.mx\/wp-content\/uploads\/2025\/09\/NTK7TU77AZGGRPGTWCC2QV4Q2Y-1-768x432.avif 768w, https:\/\/interaccioninformativa.mx\/wp-content\/uploads\/2025\/09\/NTK7TU77AZGGRPGTWCC2QV4Q2Y-1-678x381.avif 678w\" sizes=\"auto, (max-width: 992px) 100vw, 992px\" \/><\/figure><div class=\"wp-block-media-text__content\">\n<p>En los d\u00edas previos al tr\u00e1gico accidente a\u00e9reo que le arrebat\u00f3 la vida, D\u00e9bora Estrella comparti\u00f3 en Instagram historias que reflejan los momentos que marcaron su \u00faltima semana antes de subir a la avioneta que se estrell\u00f3 en Garc\u00eda, Nuevo Le\u00f3n. Las publicaciones, que han ganado gran difusi\u00f3n, ofrecen un vistazo a sus actividades finales, desde celebraciones con amigos hasta el instante en que document\u00f3 su \u00faltimo vuelo en la pista. El 15 de septiembre, D\u00e9bora mostr\u00f3 en sus historias instantes desde un estudio de televisi\u00f3n en Monterrey, luciendo un atuendo patrio con bordados dorados, una banda mostaza y un mo\u00f1o tricolor, acompa\u00f1ada de sus colegas del noticiero. \u201c\u00a1Listos para darlo todo!\u201d, escribi\u00f3 en una foto grupal. Ese mismo d\u00eda, tambi\u00e9n comparti\u00f3 una imagen desde un lobby, destacando la pantalla de una laptop con el mensaje: \u201cTrabajo intenso + emoci\u00f3n por nuevos proyectos, la mezcla ideal\u201d, en alusi\u00f3n a sus planes profesionales y su entusiasmo por lo que estaba por venir.<\/p>\n<\/div><\/div>\n","protected":false},"excerpt":{"rendered":"<div class=\"mh-excerpt\"><p>En los d\u00edas previos al tr\u00e1gico accidente a\u00e9reo que le arrebat\u00f3 la vida, D\u00e9bora Estrella comparti\u00f3 en Instagram historias que reflejan los momentos que marcaron <a class=\"mh-excerpt-more\" href=\"https:\/\/interaccioninformativa.mx\/index.php\/2025\/09\/22\/los-ultimos-dias-de-debora-estrella-capturados-en-sus-historias-de-instagram-reflejan-su-vida-antes-del-tragico-accidente\/\" title=\"Los \u00faltimos d\u00edas de D\u00e9bora Estrella, capturados en sus historias de Instagram, reflejan su vida antes del tr\u00e1gico accidente.\">[&#8230;]<\/a><\/p>\n<\/div>","protected":false},"author":1,"featured_media":1237,"comment_status":"open","ping_status":"closed","sticky":false,"template":"","format":"standard","meta":{"footnotes":""},"categories":[1],"tags":[],"class_list":["post-1236","post","type-post","status-publish","format-standard","has-post-thumbnail","hentry","category-noticias"],"_links":{"self":[{"href":"https:\/\/interaccioninformativa.mx\/index.php\/wp-json\/wp\/v2\/posts\/1236","targetHints":{"allow":["GET"]}}],"collection":[{"href":"https:\/\/interaccioninformativa.mx\/index.php\/wp-json\/wp\/v2\/posts"}],"about":[{"href":"https:\/\/interaccioninformativa.mx\/index.php\/wp-json\/wp\/v2\/types\/post"}],"author":[{"embeddable":true,"href":"https:\/\/interaccioninformativa.mx\/index.php\/wp-json\/wp\/v2\/users\/1"}],"replies":[{"embeddable":true,"href":"https:\/\/interaccioninformativa.mx\/index.php\/wp-json\/wp\/v2\/comments?post=1236"}],"version-history":[{"count":1,"href":"https:\/\/interaccioninformativa.mx\/index.php\/wp-json\/wp\/v2\/posts\/1236\/revisions"}],"predecessor-version":[{"id":1238,"href":"https:\/\/interaccioninformativa.mx\/index.php\/wp-json\/wp\/v2\/posts\/1236\/revisions\/1238"}],"wp:featuredmedia":[{"embeddable":true,"href":"https:\/\/interaccioninformativa.mx\/index.php\/wp-json\/wp\/v2\/media\/1237"}],"wp:attachment":[{"href":"https:\/\/interaccioninformativa.mx\/index.php\/wp-json\/wp\/v2\/media?parent=1236"}],"wp:term":[{"taxonomy":"category","embeddable":true,"href":"https:\/\/interaccioninformativa.mx\/index.php\/wp-json\/wp\/v2\/categories?post=1236"},{"taxonomy":"post_tag","embeddable":true,"href":"https:\/\/interaccioninformativa.mx\/index.php\/wp-json\/wp\/v2\/tags?post=1236"}],"curies":[{"name":"wp","href":"https:\/\/api.w.org\/{rel}","templated":true}]}}