{"id":1239,"date":"2025-09-23T16:10:27","date_gmt":"2025-09-23T16:10:27","guid":{"rendered":"https:\/\/interaccioninformativa.mx\/?p=1239"},"modified":"2025-09-23T16:10:27","modified_gmt":"2025-09-23T16:10:27","slug":"la-unam-esta-al-lado-de-la-familia-del-estudiante-del-cch-sur-que-lamentablemente-fallecio-ofreciendo-su-apoyo-en-estos-momentos-dificiles","status":"publish","type":"post","link":"https:\/\/interaccioninformativa.mx\/index.php\/2025\/09\/23\/la-unam-esta-al-lado-de-la-familia-del-estudiante-del-cch-sur-que-lamentablemente-fallecio-ofreciendo-su-apoyo-en-estos-momentos-dificiles\/","title":{"rendered":"La UNAM est\u00e1 al lado de la familia del estudiante del CCH Sur que lamentablemente falleci\u00f3, ofreciendo su apoyo en estos momentos dif\u00edciles."},"content":{"rendered":"\n<div class=\"wp-block-media-text is-stacked-on-mobile\"><figure class=\"wp-block-media-text__media\"><img loading=\"lazy\" decoding=\"async\" width=\"1024\" height=\"672\" src=\"https:\/\/interaccioninformativa.mx\/wp-content\/uploads\/2025\/09\/unam-brinda-apoyo-a-familiares-de-estudiante-fallecido-en-cch-sur_411f6f21-4b82-4fd7-a886-ecf83d8fd1e1_medialjnimgndimagefullsize-1024x672.webp\" alt=\"\" class=\"wp-image-1240 size-full\" srcset=\"https:\/\/interaccioninformativa.mx\/wp-content\/uploads\/2025\/09\/unam-brinda-apoyo-a-familiares-de-estudiante-fallecido-en-cch-sur_411f6f21-4b82-4fd7-a886-ecf83d8fd1e1_medialjnimgndimagefullsize-1024x672.webp 1024w, https:\/\/interaccioninformativa.mx\/wp-content\/uploads\/2025\/09\/unam-brinda-apoyo-a-familiares-de-estudiante-fallecido-en-cch-sur_411f6f21-4b82-4fd7-a886-ecf83d8fd1e1_medialjnimgndimagefullsize-300x197.webp 300w, https:\/\/interaccioninformativa.mx\/wp-content\/uploads\/2025\/09\/unam-brinda-apoyo-a-familiares-de-estudiante-fallecido-en-cch-sur_411f6f21-4b82-4fd7-a886-ecf83d8fd1e1_medialjnimgndimagefullsize-768x504.webp 768w, https:\/\/interaccioninformativa.mx\/wp-content\/uploads\/2025\/09\/unam-brinda-apoyo-a-familiares-de-estudiante-fallecido-en-cch-sur_411f6f21-4b82-4fd7-a886-ecf83d8fd1e1_medialjnimgndimagefullsize.webp 1200w\" sizes=\"auto, (max-width: 1024px) 100vw, 1024px\" \/><\/figure><div class=\"wp-block-media-text__content\">\n<p>La Universidad Nacional Aut\u00f3noma de M\u00e9xico (UNAM) comunic\u00f3 que est\u00e1 proporcionando apoyo a los padres de Jes\u00fas &#8216;N&#8217;, un estudiante de 16 a\u00f1os que falleci\u00f3 tras ser agredido por otro alumno de 19 a\u00f1os en situaci\u00f3n irregular en el CCH Sur.<\/p>\n\n\n\n<p>La instituci\u00f3n conden\u00f3 en\u00e9rgicamente y expres\u00f3 su pesar por \u201cestos actos violentos\u201d, comprometi\u00e9ndose a respaldar a la familia del estudiante fallecido en las instalaciones del plantel de bachillerato. Adem\u00e1s, en redes sociales se est\u00e1 organizando una marcha pac\u00edfica para el martes a la 1:00 p.m. en las islas de la UNAM.<\/p>\n<\/div><\/div>\n","protected":false},"excerpt":{"rendered":"<div class=\"mh-excerpt\"><p>La Universidad Nacional Aut\u00f3noma de M\u00e9xico (UNAM) comunic\u00f3 que est\u00e1 proporcionando apoyo a los padres de Jes\u00fas &#8216;N&#8217;, un estudiante de 16 a\u00f1os que falleci\u00f3 <a class=\"mh-excerpt-more\" href=\"https:\/\/interaccioninformativa.mx\/index.php\/2025\/09\/23\/la-unam-esta-al-lado-de-la-familia-del-estudiante-del-cch-sur-que-lamentablemente-fallecio-ofreciendo-su-apoyo-en-estos-momentos-dificiles\/\" title=\"La UNAM est\u00e1 al lado de la familia del estudiante del CCH Sur que lamentablemente falleci\u00f3, ofreciendo su apoyo en estos momentos dif\u00edciles.\">[&#8230;]<\/a><\/p>\n<\/div>","protected":false},"author":1,"featured_media":1240,"comment_status":"open","ping_status":"closed","sticky":false,"template":"","format":"standard","meta":{"footnotes":""},"categories":[1],"tags":[],"class_list":["post-1239","post","type-post","status-publish","format-standard","has-post-thumbnail","hentry","category-noticias"],"_links":{"self":[{"href":"https:\/\/interaccioninformativa.mx\/index.php\/wp-json\/wp\/v2\/posts\/1239","targetHints":{"allow":["GET"]}}],"collection":[{"href":"https:\/\/interaccioninformativa.mx\/index.php\/wp-json\/wp\/v2\/posts"}],"about":[{"href":"https:\/\/interaccioninformativa.mx\/index.php\/wp-json\/wp\/v2\/types\/post"}],"author":[{"embeddable":true,"href":"https:\/\/interaccioninformativa.mx\/index.php\/wp-json\/wp\/v2\/users\/1"}],"replies":[{"embeddable":true,"href":"https:\/\/interaccioninformativa.mx\/index.php\/wp-json\/wp\/v2\/comments?post=1239"}],"version-history":[{"count":1,"href":"https:\/\/interaccioninformativa.mx\/index.php\/wp-json\/wp\/v2\/posts\/1239\/revisions"}],"predecessor-version":[{"id":1241,"href":"https:\/\/interaccioninformativa.mx\/index.php\/wp-json\/wp\/v2\/posts\/1239\/revisions\/1241"}],"wp:featuredmedia":[{"embeddable":true,"href":"https:\/\/interaccioninformativa.mx\/index.php\/wp-json\/wp\/v2\/media\/1240"}],"wp:attachment":[{"href":"https:\/\/interaccioninformativa.mx\/index.php\/wp-json\/wp\/v2\/media?parent=1239"}],"wp:term":[{"taxonomy":"category","embeddable":true,"href":"https:\/\/interaccioninformativa.mx\/index.php\/wp-json\/wp\/v2\/categories?post=1239"},{"taxonomy":"post_tag","embeddable":true,"href":"https:\/\/interaccioninformativa.mx\/index.php\/wp-json\/wp\/v2\/tags?post=1239"}],"curies":[{"name":"wp","href":"https:\/\/api.w.org\/{rel}","templated":true}]}}