{"id":1250,"date":"2025-09-24T16:43:00","date_gmt":"2025-09-24T16:43:00","guid":{"rendered":"https:\/\/interaccioninformativa.mx\/?p=1250"},"modified":"2025-09-24T16:43:00","modified_gmt":"2025-09-24T16:43:00","slug":"disparos-en-la-oficina-de-ice-en-dallas-el-atacante-se-quito-la-vida-tres-victimas-adicionales-perdieron-la-vida","status":"publish","type":"post","link":"https:\/\/interaccioninformativa.mx\/index.php\/2025\/09\/24\/disparos-en-la-oficina-de-ice-en-dallas-el-atacante-se-quito-la-vida-tres-victimas-adicionales-perdieron-la-vida\/","title":{"rendered":"Disparos en la oficina de ICE en Dallas: El atacante se quit\u00f3 la vida; tres v\u00edctimas adicionales perdieron la vida."},"content":{"rendered":"\n<div class=\"wp-block-media-text is-stacked-on-mobile\"><figure class=\"wp-block-media-text__media\"><img loading=\"lazy\" decoding=\"async\" width=\"1024\" height=\"576\" src=\"https:\/\/interaccioninformativa.mx\/wp-content\/uploads\/2025\/09\/GAWGCJRUH5FNPJSRAGCWTEZIY4-1-1024x576.avif\" alt=\"\" class=\"wp-image-1251 size-full\" srcset=\"https:\/\/interaccioninformativa.mx\/wp-content\/uploads\/2025\/09\/GAWGCJRUH5FNPJSRAGCWTEZIY4-1-1024x576.avif 1024w, https:\/\/interaccioninformativa.mx\/wp-content\/uploads\/2025\/09\/GAWGCJRUH5FNPJSRAGCWTEZIY4-1-300x169.avif 300w, https:\/\/interaccioninformativa.mx\/wp-content\/uploads\/2025\/09\/GAWGCJRUH5FNPJSRAGCWTEZIY4-1-768x432.avif 768w, https:\/\/interaccioninformativa.mx\/wp-content\/uploads\/2025\/09\/GAWGCJRUH5FNPJSRAGCWTEZIY4-1-678x381.avif 678w, https:\/\/interaccioninformativa.mx\/wp-content\/uploads\/2025\/09\/GAWGCJRUH5FNPJSRAGCWTEZIY4-1.avif 1200w\" sizes=\"auto, (max-width: 1024px) 100vw, 1024px\" \/><\/figure><div class=\"wp-block-media-text__content\">\n<p>Tres personas perdieron la vida en un centro de detenci\u00f3n del Servicio de Inmigraci\u00f3n y Control de Aduanas (ICE) en Dallas, y el atacante muri\u00f3 por una herida de bala que \u00e9l mismo se infligi\u00f3, seg\u00fan inform\u00f3 el director de la agencia.<\/p>\n\n\n\n<p>En una entrevista con CNN el mi\u00e9rcoles 24 de septiembre, el director interino de ICE, Todd Lyons, confirm\u00f3 el incidente armado.<\/p>\n\n\n\n<p>\u201cPodr\u00edan ser empleados, visitantes civiles o personas bajo custodia\u201d, coment\u00f3 Lyons respecto a las v\u00edctimas. \u201cA\u00fan estamos investigando los detalles\u201d.<\/p>\n\n\n\n<p>La secretaria de Seguridad Nacional, Kristi Noem, asegur\u00f3 que la informaci\u00f3n a\u00fan se estaba recopilando, pero confirm\u00f3 que hubo varios heridos y fallecidos. Noem se\u00f1al\u00f3 que el motivo del ataque no est\u00e1 claro, aunque destac\u00f3 un reciente incremento en los ataques dirigidos contra agentes de ICE.<\/p>\n<\/div><\/div>\n","protected":false},"excerpt":{"rendered":"<div class=\"mh-excerpt\"><p>Tres personas perdieron la vida en un centro de detenci\u00f3n del Servicio de Inmigraci\u00f3n y Control de Aduanas (ICE) en Dallas, y el atacante muri\u00f3 <a class=\"mh-excerpt-more\" href=\"https:\/\/interaccioninformativa.mx\/index.php\/2025\/09\/24\/disparos-en-la-oficina-de-ice-en-dallas-el-atacante-se-quito-la-vida-tres-victimas-adicionales-perdieron-la-vida\/\" title=\"Disparos en la oficina de ICE en Dallas: El atacante se quit\u00f3 la vida; tres v\u00edctimas adicionales perdieron la vida.\">[&#8230;]<\/a><\/p>\n<\/div>","protected":false},"author":1,"featured_media":1251,"comment_status":"open","ping_status":"closed","sticky":false,"template":"","format":"standard","meta":{"footnotes":""},"categories":[1],"tags":[],"class_list":["post-1250","post","type-post","status-publish","format-standard","has-post-thumbnail","hentry","category-noticias"],"_links":{"self":[{"href":"https:\/\/interaccioninformativa.mx\/index.php\/wp-json\/wp\/v2\/posts\/1250","targetHints":{"allow":["GET"]}}],"collection":[{"href":"https:\/\/interaccioninformativa.mx\/index.php\/wp-json\/wp\/v2\/posts"}],"about":[{"href":"https:\/\/interaccioninformativa.mx\/index.php\/wp-json\/wp\/v2\/types\/post"}],"author":[{"embeddable":true,"href":"https:\/\/interaccioninformativa.mx\/index.php\/wp-json\/wp\/v2\/users\/1"}],"replies":[{"embeddable":true,"href":"https:\/\/interaccioninformativa.mx\/index.php\/wp-json\/wp\/v2\/comments?post=1250"}],"version-history":[{"count":1,"href":"https:\/\/interaccioninformativa.mx\/index.php\/wp-json\/wp\/v2\/posts\/1250\/revisions"}],"predecessor-version":[{"id":1252,"href":"https:\/\/interaccioninformativa.mx\/index.php\/wp-json\/wp\/v2\/posts\/1250\/revisions\/1252"}],"wp:featuredmedia":[{"embeddable":true,"href":"https:\/\/interaccioninformativa.mx\/index.php\/wp-json\/wp\/v2\/media\/1251"}],"wp:attachment":[{"href":"https:\/\/interaccioninformativa.mx\/index.php\/wp-json\/wp\/v2\/media?parent=1250"}],"wp:term":[{"taxonomy":"category","embeddable":true,"href":"https:\/\/interaccioninformativa.mx\/index.php\/wp-json\/wp\/v2\/categories?post=1250"},{"taxonomy":"post_tag","embeddable":true,"href":"https:\/\/interaccioninformativa.mx\/index.php\/wp-json\/wp\/v2\/tags?post=1250"}],"curies":[{"name":"wp","href":"https:\/\/api.w.org\/{rel}","templated":true}]}}