{"id":1253,"date":"2025-09-25T16:19:53","date_gmt":"2025-09-25T16:19:53","guid":{"rendered":"https:\/\/interaccioninformativa.mx\/?p=1253"},"modified":"2025-09-25T16:19:53","modified_gmt":"2025-09-25T16:19:53","slug":"veracruz-los-restos-de-jesus-israel-joven-que-perdio-la-vida-en-cch-sur-son-llevados-a-perote-para-su-despedida","status":"publish","type":"post","link":"https:\/\/interaccioninformativa.mx\/index.php\/2025\/09\/25\/veracruz-los-restos-de-jesus-israel-joven-que-perdio-la-vida-en-cch-sur-son-llevados-a-perote-para-su-despedida\/","title":{"rendered":"Veracruz: los restos de Jes\u00fas Israel, joven que perdi\u00f3 la vida en CCH Sur, son llevados a Perote para su despedida."},"content":{"rendered":"\n<div class=\"wp-block-media-text is-stacked-on-mobile\"><figure class=\"wp-block-media-text__media\"><img loading=\"lazy\" decoding=\"async\" width=\"1024\" height=\"576\" src=\"https:\/\/interaccioninformativa.mx\/wp-content\/uploads\/2025\/09\/llega-a-perote-veracruz-restos-de-jesus-israel-joven-asesinado-en-el-cch-sur_7a4ab816-fc02-4800-8500-d75e4933f45f_medialjnimgndimagefullsize-1024x576.webp\" alt=\"\" class=\"wp-image-1254 size-full\" srcset=\"https:\/\/interaccioninformativa.mx\/wp-content\/uploads\/2025\/09\/llega-a-perote-veracruz-restos-de-jesus-israel-joven-asesinado-en-el-cch-sur_7a4ab816-fc02-4800-8500-d75e4933f45f_medialjnimgndimagefullsize-1024x576.webp 1024w, https:\/\/interaccioninformativa.mx\/wp-content\/uploads\/2025\/09\/llega-a-perote-veracruz-restos-de-jesus-israel-joven-asesinado-en-el-cch-sur_7a4ab816-fc02-4800-8500-d75e4933f45f_medialjnimgndimagefullsize-300x169.webp 300w, https:\/\/interaccioninformativa.mx\/wp-content\/uploads\/2025\/09\/llega-a-perote-veracruz-restos-de-jesus-israel-joven-asesinado-en-el-cch-sur_7a4ab816-fc02-4800-8500-d75e4933f45f_medialjnimgndimagefullsize-768x432.webp 768w, https:\/\/interaccioninformativa.mx\/wp-content\/uploads\/2025\/09\/llega-a-perote-veracruz-restos-de-jesus-israel-joven-asesinado-en-el-cch-sur_7a4ab816-fc02-4800-8500-d75e4933f45f_medialjnimgndimagefullsize-678x381.webp 678w, https:\/\/interaccioninformativa.mx\/wp-content\/uploads\/2025\/09\/llega-a-perote-veracruz-restos-de-jesus-israel-joven-asesinado-en-el-cch-sur_7a4ab816-fc02-4800-8500-d75e4933f45f_medialjnimgndimagefullsize.webp 1200w\" sizes=\"auto, (max-width: 1024px) 100vw, 1024px\" \/><\/figure><div class=\"wp-block-media-text__content\">\n<p>En el coraz\u00f3n de Veracruz, el municipio de Perote acogi\u00f3 los restos de Jes\u00fas Israel Hern\u00e1ndez, un joven estudiante del CCH Sur cuya vida fue tr\u00e1gicamente segada en su centro educativo.<\/p>\n\n\n\n<p>Desde la Ciudad de M\u00e9xico, los restos del joven de 16 a\u00f1os fueron trasladados hasta el hogar de sus abuelos paternos, donde se llevar\u00e1 a cabo un sentido velorio para despedirlo.<\/p>\n\n\n\n<p>Junto al f\u00e9retro blanco que guarda los restos de Jes\u00fas, se dispusieron arreglos florales y velas, mientras que en el exterior de la vivienda se colocaron coronas f\u00fanebres como muestra de respeto y cari\u00f1o.<\/p>\n\n\n\n<p>Antes de su traslado a Veracruz, el cuerpo de Jes\u00fas fue velado en su hogar en Iztapalapa, donde seres queridos y amigos erigieron un peque\u00f1o altar en su memoria como un homenaje a su vida.<\/p>\n\n\n\n<p>Es importante mencionar que el pasado 22 de septiembre, Jes\u00fas fue v\u00edctima de un ataque con arma blanca perpetrado por Lex Ashton N., de 19 a\u00f1os, en el estacionamiento de la instituci\u00f3n educativa donde ambos estudiaban.<\/p>\n<\/div><\/div>\n","protected":false},"excerpt":{"rendered":"<div class=\"mh-excerpt\"><p>En el coraz\u00f3n de Veracruz, el municipio de Perote acogi\u00f3 los restos de Jes\u00fas Israel Hern\u00e1ndez, un joven estudiante del CCH Sur cuya vida fue <a class=\"mh-excerpt-more\" href=\"https:\/\/interaccioninformativa.mx\/index.php\/2025\/09\/25\/veracruz-los-restos-de-jesus-israel-joven-que-perdio-la-vida-en-cch-sur-son-llevados-a-perote-para-su-despedida\/\" title=\"Veracruz: los restos de Jes\u00fas Israel, joven que perdi\u00f3 la vida en CCH Sur, son llevados a Perote para su despedida.\">[&#8230;]<\/a><\/p>\n<\/div>","protected":false},"author":1,"featured_media":1254,"comment_status":"open","ping_status":"closed","sticky":false,"template":"","format":"standard","meta":{"footnotes":""},"categories":[1],"tags":[],"class_list":["post-1253","post","type-post","status-publish","format-standard","has-post-thumbnail","hentry","category-noticias"],"_links":{"self":[{"href":"https:\/\/interaccioninformativa.mx\/index.php\/wp-json\/wp\/v2\/posts\/1253","targetHints":{"allow":["GET"]}}],"collection":[{"href":"https:\/\/interaccioninformativa.mx\/index.php\/wp-json\/wp\/v2\/posts"}],"about":[{"href":"https:\/\/interaccioninformativa.mx\/index.php\/wp-json\/wp\/v2\/types\/post"}],"author":[{"embeddable":true,"href":"https:\/\/interaccioninformativa.mx\/index.php\/wp-json\/wp\/v2\/users\/1"}],"replies":[{"embeddable":true,"href":"https:\/\/interaccioninformativa.mx\/index.php\/wp-json\/wp\/v2\/comments?post=1253"}],"version-history":[{"count":1,"href":"https:\/\/interaccioninformativa.mx\/index.php\/wp-json\/wp\/v2\/posts\/1253\/revisions"}],"predecessor-version":[{"id":1255,"href":"https:\/\/interaccioninformativa.mx\/index.php\/wp-json\/wp\/v2\/posts\/1253\/revisions\/1255"}],"wp:featuredmedia":[{"embeddable":true,"href":"https:\/\/interaccioninformativa.mx\/index.php\/wp-json\/wp\/v2\/media\/1254"}],"wp:attachment":[{"href":"https:\/\/interaccioninformativa.mx\/index.php\/wp-json\/wp\/v2\/media?parent=1253"}],"wp:term":[{"taxonomy":"category","embeddable":true,"href":"https:\/\/interaccioninformativa.mx\/index.php\/wp-json\/wp\/v2\/categories?post=1253"},{"taxonomy":"post_tag","embeddable":true,"href":"https:\/\/interaccioninformativa.mx\/index.php\/wp-json\/wp\/v2\/tags?post=1253"}],"curies":[{"name":"wp","href":"https:\/\/api.w.org\/{rel}","templated":true}]}}