{"id":1259,"date":"2025-09-25T16:39:01","date_gmt":"2025-09-25T16:39:01","guid":{"rendered":"https:\/\/interaccioninformativa.mx\/?p=1259"},"modified":"2025-09-25T16:39:01","modified_gmt":"2025-09-25T16:39:01","slug":"en-un-fallo-historico-nicolas-sarkozy-antiguo-lider-de-francia-enfrentara-cinco-anos-tras-las-rejas","status":"publish","type":"post","link":"https:\/\/interaccioninformativa.mx\/index.php\/2025\/09\/25\/en-un-fallo-historico-nicolas-sarkozy-antiguo-lider-de-francia-enfrentara-cinco-anos-tras-las-rejas\/","title":{"rendered":"En un fallo hist\u00f3rico, Nicolas Sarkozy, antiguo l\u00edder de Francia, enfrentar\u00e1 cinco a\u00f1os tras las rejas."},"content":{"rendered":"\n<div class=\"wp-block-media-text is-stacked-on-mobile\"><figure class=\"wp-block-media-text__media\"><img loading=\"lazy\" decoding=\"async\" width=\"1024\" height=\"576\" src=\"https:\/\/interaccioninformativa.mx\/wp-content\/uploads\/2025\/09\/nicolas-sarkozy-culpable-1024x576.avif\" alt=\"\" class=\"wp-image-1260 size-full\" srcset=\"https:\/\/interaccioninformativa.mx\/wp-content\/uploads\/2025\/09\/nicolas-sarkozy-culpable-1024x576.avif 1024w, https:\/\/interaccioninformativa.mx\/wp-content\/uploads\/2025\/09\/nicolas-sarkozy-culpable-300x169.avif 300w, https:\/\/interaccioninformativa.mx\/wp-content\/uploads\/2025\/09\/nicolas-sarkozy-culpable-768x432.avif 768w, https:\/\/interaccioninformativa.mx\/wp-content\/uploads\/2025\/09\/nicolas-sarkozy-culpable-678x381.avif 678w, https:\/\/interaccioninformativa.mx\/wp-content\/uploads\/2025\/09\/nicolas-sarkozy-culpable.avif 1160w\" sizes=\"auto, (max-width: 1024px) 100vw, 1024px\" \/><\/figure><div class=\"wp-block-media-text__content\">\n<p>Un tribunal parisino sentenci\u00f3 al exmandatario franc\u00e9s Nicolas Sarkozy a cinco a\u00f1os de c\u00e1rcel, en una resoluci\u00f3n inesperada que lo obliga a cumplir la pena incluso si apela, tras ser hallado culpable este jueves por un esquema de financiaci\u00f3n de su campa\u00f1a presidencial de 2007 con fondos presuntamente provenientes de Libia.<\/p>\n\n\n\n<p>El tribunal determinar\u00e1 m\u00e1s adelante la fecha en que Sarkozy, de 70 a\u00f1os, ingresar\u00e1 a prisi\u00f3n, evitando por ahora que el exl\u00edder sea trasladado directamente desde la sala judicial a un centro de detenci\u00f3n.<\/p>\n\n\n\n<p>La corte lo encontr\u00f3 culpable de asociaci\u00f3n delictiva por un plan entre 2005 y 2007 para obtener recursos libios a cambio de favores diplom\u00e1ticos. No obstante, fue absuelto de otros tres cargos, incluyendo corrupci\u00f3n pasiva, financiaci\u00f3n ilegal de campa\u00f1as y encubrimiento de malversaci\u00f3n de fondos p\u00fablicos.<\/p>\n\n\n\n<p>Dos de los aliados m\u00e1s cercanos de Sarkozy durante su presidencia, los exministros Claude Gu\u00e9ant y Brice Hortefeux, tambi\u00e9n fueron declarados culpables de asociaci\u00f3n delictiva, aunque igualmente absueltos de otros cargos. El fallo sugiere que, aunque el tribunal consider\u00f3 que los acusados conspiraron para obtener fondos libios, no se pudo probar que Sarkozy estuviera directamente involucrado en la recepci\u00f3n de dichos recursos ni que el dinero libio se utilizara efectivamente en su campa\u00f1a victoriosa de 2007.<\/p>\n\n\n\n<p>Durante la lectura del extenso veredicto, la jueza principal destac\u00f3 que Sarkozy permiti\u00f3 que sus colaboradores cercanos negociaran con autoridades libias para \u201cobtener o intentar obtener apoyo financiero\u201d destinado a su campa\u00f1a. El expresidente escuch\u00f3 el fallo de pie en la sala.<\/p>\n\n\n\n<p>Sin embargo, el tribunal aclar\u00f3 que no se pudo confirmar que los fondos libios llegaran a financiar la campa\u00f1a de Sarkozy. Bajo la legislaci\u00f3n francesa, un esquema de corrupci\u00f3n puede ser considerado delito incluso si el dinero no se concreta o no se demuestra su uso, seg\u00fan explic\u00f3 la corte.<\/p>\n\n\n\n<p>Sarkozy asisti\u00f3 al tribunal acompa\u00f1ado de su esposa, la reconocida cantante y modelo Carla Bruni-Sarkozy, en una sala abarrotada de periodistas y p\u00fablico. El exmandatario ocup\u00f3 la primera fila de los acusados, junto a sus tres hijos adultos, quienes tambi\u00e9n estuvieron presentes.<\/p>\n\n\n\n<p>Con este fallo, Sarkozy, de 70 a\u00f1os, se convierte en el primer expresidente franc\u00e9s condenado por aceptar fondos extranjeros ilegales para una campa\u00f1a presidencial.<\/p>\n\n\n\n<p>Elegido en 2007 y derrotado en su intento de reelecci\u00f3n en 2012, Sarkozy enfrent\u00f3 un juicio de tres meses junto a 11 coacusados, incluidos tres exministros, negando siempre cualquier irregularidad.<\/p>\n\n\n\n<p>A pesar de los esc\u00e1ndalos legales que han marcado su trayectoria, Sarkozy contin\u00faa siendo una figura prominente en la pol\u00edtica conservadora francesa y en el \u00e1mbito del espect\u00e1culo, en gran parte debido a su matrimonio con Bruni-Sarkozy<\/p>\n<\/div><\/div>\n","protected":false},"excerpt":{"rendered":"<div class=\"mh-excerpt\"><p>Un tribunal parisino sentenci\u00f3 al exmandatario franc\u00e9s Nicolas Sarkozy a cinco a\u00f1os de c\u00e1rcel, en una resoluci\u00f3n inesperada que lo obliga a cumplir la pena <a class=\"mh-excerpt-more\" href=\"https:\/\/interaccioninformativa.mx\/index.php\/2025\/09\/25\/en-un-fallo-historico-nicolas-sarkozy-antiguo-lider-de-francia-enfrentara-cinco-anos-tras-las-rejas\/\" title=\"En un fallo hist\u00f3rico, Nicolas Sarkozy, antiguo l\u00edder de Francia, enfrentar\u00e1 cinco a\u00f1os tras las rejas.\">[&#8230;]<\/a><\/p>\n<\/div>","protected":false},"author":1,"featured_media":1260,"comment_status":"open","ping_status":"closed","sticky":false,"template":"","format":"standard","meta":{"footnotes":""},"categories":[1],"tags":[],"class_list":["post-1259","post","type-post","status-publish","format-standard","has-post-thumbnail","hentry","category-noticias"],"_links":{"self":[{"href":"https:\/\/interaccioninformativa.mx\/index.php\/wp-json\/wp\/v2\/posts\/1259","targetHints":{"allow":["GET"]}}],"collection":[{"href":"https:\/\/interaccioninformativa.mx\/index.php\/wp-json\/wp\/v2\/posts"}],"about":[{"href":"https:\/\/interaccioninformativa.mx\/index.php\/wp-json\/wp\/v2\/types\/post"}],"author":[{"embeddable":true,"href":"https:\/\/interaccioninformativa.mx\/index.php\/wp-json\/wp\/v2\/users\/1"}],"replies":[{"embeddable":true,"href":"https:\/\/interaccioninformativa.mx\/index.php\/wp-json\/wp\/v2\/comments?post=1259"}],"version-history":[{"count":1,"href":"https:\/\/interaccioninformativa.mx\/index.php\/wp-json\/wp\/v2\/posts\/1259\/revisions"}],"predecessor-version":[{"id":1261,"href":"https:\/\/interaccioninformativa.mx\/index.php\/wp-json\/wp\/v2\/posts\/1259\/revisions\/1261"}],"wp:featuredmedia":[{"embeddable":true,"href":"https:\/\/interaccioninformativa.mx\/index.php\/wp-json\/wp\/v2\/media\/1260"}],"wp:attachment":[{"href":"https:\/\/interaccioninformativa.mx\/index.php\/wp-json\/wp\/v2\/media?parent=1259"}],"wp:term":[{"taxonomy":"category","embeddable":true,"href":"https:\/\/interaccioninformativa.mx\/index.php\/wp-json\/wp\/v2\/categories?post=1259"},{"taxonomy":"post_tag","embeddable":true,"href":"https:\/\/interaccioninformativa.mx\/index.php\/wp-json\/wp\/v2\/tags?post=1259"}],"curies":[{"name":"wp","href":"https:\/\/api.w.org\/{rel}","templated":true}]}}