{"id":1265,"date":"2025-09-26T00:48:41","date_gmt":"2025-09-26T00:48:41","guid":{"rendered":"https:\/\/interaccioninformativa.mx\/?p=1265"},"modified":"2025-09-27T00:52:55","modified_gmt":"2025-09-27T00:52:55","slug":"tension-en-alta-mar-israel-amenaza-con-detener-la-flotilla-sumud-hacia-gaza","status":"publish","type":"post","link":"https:\/\/interaccioninformativa.mx\/index.php\/2025\/09\/26\/tension-en-alta-mar-israel-amenaza-con-detener-la-flotilla-sumud-hacia-gaza\/","title":{"rendered":"\u00a1Tensi\u00f3n en alta mar! Israel amenaza con detener la Flotilla Sumud hacia Gaza."},"content":{"rendered":"\n<div class=\"wp-block-media-text is-stacked-on-mobile\"><figure class=\"wp-block-media-text__media\"><img loading=\"lazy\" decoding=\"async\" width=\"1024\" height=\"640\" src=\"https:\/\/interaccioninformativa.mx\/wp-content\/uploads\/2025\/09\/general-25092025-1024x640.jpg\" alt=\"\" class=\"wp-image-1267 size-full\" srcset=\"https:\/\/interaccioninformativa.mx\/wp-content\/uploads\/2025\/09\/general-25092025-1024x640.jpg 1024w, https:\/\/interaccioninformativa.mx\/wp-content\/uploads\/2025\/09\/general-25092025-300x188.jpg 300w, https:\/\/interaccioninformativa.mx\/wp-content\/uploads\/2025\/09\/general-25092025-768x480.jpg 768w, https:\/\/interaccioninformativa.mx\/wp-content\/uploads\/2025\/09\/general-25092025.jpg 1200w\" sizes=\"auto, (max-width: 1024px) 100vw, 1024px\" \/><\/figure><div class=\"wp-block-media-text__content\">\n<p>En una declaraci\u00f3n contundente, el general de brigada Effie Defrin, portavoz oficial del Ej\u00e9rcito de Defensa de Israel (FDI), anunci\u00f3 este jueves que la Armada israel\u00ed est\u00e1 en m\u00e1xima alerta y plenamente preparada para interceptar la Global Sumud Flotilla, un convoy humanitario compuesto por aproximadamente 50 embarcaciones procedentes de m\u00e1s de 40 pa\u00edses. Esta flotilla, que busca desafiar el bloqueo naval impuesto por Israel sobre la Franja de Gaza desde 2007, tiene como objetivo entregar 250 toneladas de suministros m\u00e9dicos y alimentarios al enclave palestino, donde la poblaci\u00f3n enfrenta una crisis humanitaria agravada por el conflicto en curso. Defrin, con tono firme, acus\u00f3 a la flotilla de estar financiada por representantes del Movimiento de Resistencia Isl\u00e1mica (Ham\u00e1s) en Europa, asegurando que las FDI poseen \u00abpruebas irrefutables\u00bb de estos v\u00ednculos. \u00abQuienes apoyan esta iniciativa est\u00e1n, en esencia, respaldando a los responsables de los atroces ataques del 7 de octubre de 2023\u00bb, afirm\u00f3 el general, refiri\u00e9ndose a la ofensiva de Ham\u00e1s que dej\u00f3 m\u00e1s de 1,200 muertos en Israel. La declaraci\u00f3n intensifica la tensi\u00f3n en el Mediterr\u00e1neo, donde la flotilla, liderada por activistas internacionales como la sueca Greta Thunberg, ha generado un debate global sobre el derecho a la ayuda humanitaria y las restricciones impuestas por Israel, mientras pa\u00edses como Espa\u00f1a e Italia han ofrecido buques de escolta para proteger la misi\u00f3n.<\/p>\n<\/div><\/div>\n","protected":false},"excerpt":{"rendered":"<div class=\"mh-excerpt\"><p>En una declaraci\u00f3n contundente, el general de brigada Effie Defrin, portavoz oficial del Ej\u00e9rcito de Defensa de Israel (FDI), anunci\u00f3 este jueves que la Armada <a class=\"mh-excerpt-more\" href=\"https:\/\/interaccioninformativa.mx\/index.php\/2025\/09\/26\/tension-en-alta-mar-israel-amenaza-con-detener-la-flotilla-sumud-hacia-gaza\/\" title=\"\u00a1Tensi\u00f3n en alta mar! Israel amenaza con detener la Flotilla Sumud hacia Gaza.\">[&#8230;]<\/a><\/p>\n<\/div>","protected":false},"author":1,"featured_media":1267,"comment_status":"open","ping_status":"closed","sticky":false,"template":"","format":"standard","meta":{"footnotes":""},"categories":[1],"tags":[],"class_list":["post-1265","post","type-post","status-publish","format-standard","has-post-thumbnail","hentry","category-noticias"],"_links":{"self":[{"href":"https:\/\/interaccioninformativa.mx\/index.php\/wp-json\/wp\/v2\/posts\/1265","targetHints":{"allow":["GET"]}}],"collection":[{"href":"https:\/\/interaccioninformativa.mx\/index.php\/wp-json\/wp\/v2\/posts"}],"about":[{"href":"https:\/\/interaccioninformativa.mx\/index.php\/wp-json\/wp\/v2\/types\/post"}],"author":[{"embeddable":true,"href":"https:\/\/interaccioninformativa.mx\/index.php\/wp-json\/wp\/v2\/users\/1"}],"replies":[{"embeddable":true,"href":"https:\/\/interaccioninformativa.mx\/index.php\/wp-json\/wp\/v2\/comments?post=1265"}],"version-history":[{"count":1,"href":"https:\/\/interaccioninformativa.mx\/index.php\/wp-json\/wp\/v2\/posts\/1265\/revisions"}],"predecessor-version":[{"id":1268,"href":"https:\/\/interaccioninformativa.mx\/index.php\/wp-json\/wp\/v2\/posts\/1265\/revisions\/1268"}],"wp:featuredmedia":[{"embeddable":true,"href":"https:\/\/interaccioninformativa.mx\/index.php\/wp-json\/wp\/v2\/media\/1267"}],"wp:attachment":[{"href":"https:\/\/interaccioninformativa.mx\/index.php\/wp-json\/wp\/v2\/media?parent=1265"}],"wp:term":[{"taxonomy":"category","embeddable":true,"href":"https:\/\/interaccioninformativa.mx\/index.php\/wp-json\/wp\/v2\/categories?post=1265"},{"taxonomy":"post_tag","embeddable":true,"href":"https:\/\/interaccioninformativa.mx\/index.php\/wp-json\/wp\/v2\/tags?post=1265"}],"curies":[{"name":"wp","href":"https:\/\/api.w.org\/{rel}","templated":true}]}}