{"id":1275,"date":"2025-09-27T16:36:23","date_gmt":"2025-09-27T16:36:23","guid":{"rendered":"https:\/\/interaccioninformativa.mx\/?p=1275"},"modified":"2025-09-27T16:36:23","modified_gmt":"2025-09-27T16:36:23","slug":"tras-el-ataque-en-el-cch-sur-un-analista-destaca-el-peligro-de-la-propagacion-de-ideologias-incel-en-entornos-digitales","status":"publish","type":"post","link":"https:\/\/interaccioninformativa.mx\/index.php\/2025\/09\/27\/tras-el-ataque-en-el-cch-sur-un-analista-destaca-el-peligro-de-la-propagacion-de-ideologias-incel-en-entornos-digitales\/","title":{"rendered":"Tras el ataque en el CCH Sur, un analista destaca el peligro de la propagaci\u00f3n de ideolog\u00edas incel en entornos digitales."},"content":{"rendered":"\n<div class=\"wp-block-media-text is-stacked-on-mobile\"><figure class=\"wp-block-media-text__media\"><img loading=\"lazy\" decoding=\"async\" width=\"942\" height=\"532\" src=\"https:\/\/interaccioninformativa.mx\/wp-content\/uploads\/2025\/09\/integrantes-grupo-identificado-facebook-reivindica_73_0_884_558.webp\" alt=\"\" class=\"wp-image-1276 size-full\" srcset=\"https:\/\/interaccioninformativa.mx\/wp-content\/uploads\/2025\/09\/integrantes-grupo-identificado-facebook-reivindica_73_0_884_558.webp 942w, https:\/\/interaccioninformativa.mx\/wp-content\/uploads\/2025\/09\/integrantes-grupo-identificado-facebook-reivindica_73_0_884_558-300x169.webp 300w, https:\/\/interaccioninformativa.mx\/wp-content\/uploads\/2025\/09\/integrantes-grupo-identificado-facebook-reivindica_73_0_884_558-768x434.webp 768w\" sizes=\"auto, (max-width: 942px) 100vw, 942px\" \/><\/figure><div class=\"wp-block-media-text__content\">\n<p>La aparici\u00f3n de grupos en redes sociales que apoyan al presunto responsable del asesinato de un estudiante de 16 a\u00f1os en el CCH Sur de la UNAM ha generado preocupaci\u00f3n. En una p\u00e1gina de Facebook, con 123 seguidores, el agresor es idealizado como l\u00edder por individuos que se identifican como incels, t\u00e9rmino que significa \u201cc\u00e9libes involuntarios\u201d. Expertos en sociolog\u00eda subrayan la necesidad de un acompa\u00f1amiento integral a los j\u00f3venes en el \u00e1mbito educativo, promoviendo la interacci\u00f3n con sus pares y un enfoque en la salud mental para prevenir la radicalizaci\u00f3n y conductas violentas.<\/p>\n\n\n\n<hr class=\"wp-block-separator has-alpha-channel-opacity\"\/>\n\n\n\n<p>Si prefieres un tono m\u00e1s espec\u00edfico (por ejemplo, m\u00e1s t\u00e9cnico, alarmista o incluso con un enfoque educativo), o quieres que adapte el texto a otro formato (como un comunicado oficial, un tuit o un art\u00edculo m\u00e1s extenso), \u00a1av\u00edsame! Tambi\u00e9n puedo generar una visualizaci\u00f3n de datos (como un gr\u00e1fico sobre el crecimiento de seguidores de la p\u00e1gina mencionada) si me lo pides expl\u00edcitamente y proporcionas datos adicionales.<\/p>\n<\/div><\/div>\n","protected":false},"excerpt":{"rendered":"<div class=\"mh-excerpt\"><\/div>","protected":false},"author":1,"featured_media":1276,"comment_status":"open","ping_status":"closed","sticky":false,"template":"","format":"standard","meta":{"footnotes":""},"categories":[1],"tags":[],"class_list":["post-1275","post","type-post","status-publish","format-standard","has-post-thumbnail","hentry","category-noticias"],"_links":{"self":[{"href":"https:\/\/interaccioninformativa.mx\/index.php\/wp-json\/wp\/v2\/posts\/1275","targetHints":{"allow":["GET"]}}],"collection":[{"href":"https:\/\/interaccioninformativa.mx\/index.php\/wp-json\/wp\/v2\/posts"}],"about":[{"href":"https:\/\/interaccioninformativa.mx\/index.php\/wp-json\/wp\/v2\/types\/post"}],"author":[{"embeddable":true,"href":"https:\/\/interaccioninformativa.mx\/index.php\/wp-json\/wp\/v2\/users\/1"}],"replies":[{"embeddable":true,"href":"https:\/\/interaccioninformativa.mx\/index.php\/wp-json\/wp\/v2\/comments?post=1275"}],"version-history":[{"count":1,"href":"https:\/\/interaccioninformativa.mx\/index.php\/wp-json\/wp\/v2\/posts\/1275\/revisions"}],"predecessor-version":[{"id":1277,"href":"https:\/\/interaccioninformativa.mx\/index.php\/wp-json\/wp\/v2\/posts\/1275\/revisions\/1277"}],"wp:featuredmedia":[{"embeddable":true,"href":"https:\/\/interaccioninformativa.mx\/index.php\/wp-json\/wp\/v2\/media\/1276"}],"wp:attachment":[{"href":"https:\/\/interaccioninformativa.mx\/index.php\/wp-json\/wp\/v2\/media?parent=1275"}],"wp:term":[{"taxonomy":"category","embeddable":true,"href":"https:\/\/interaccioninformativa.mx\/index.php\/wp-json\/wp\/v2\/categories?post=1275"},{"taxonomy":"post_tag","embeddable":true,"href":"https:\/\/interaccioninformativa.mx\/index.php\/wp-json\/wp\/v2\/tags?post=1275"}],"curies":[{"name":"wp","href":"https:\/\/api.w.org\/{rel}","templated":true}]}}