{"id":1278,"date":"2025-09-27T16:42:49","date_gmt":"2025-09-27T16:42:49","guid":{"rendered":"https:\/\/interaccioninformativa.mx\/?p=1278"},"modified":"2025-09-27T16:42:49","modified_gmt":"2025-09-27T16:42:49","slug":"una-oleada-de-frentes-frios-se-avecina-a-mexico-lista-para-desatar-sus-efectos-en-los-meses-venideros","status":"publish","type":"post","link":"https:\/\/interaccioninformativa.mx\/index.php\/2025\/09\/27\/una-oleada-de-frentes-frios-se-avecina-a-mexico-lista-para-desatar-sus-efectos-en-los-meses-venideros\/","title":{"rendered":"Una oleada de frentes fr\u00edos se avecina a M\u00e9xico, lista para desatar sus efectos en los meses venideros."},"content":{"rendered":"\n<div class=\"wp-block-media-text is-stacked-on-mobile\"><figure class=\"wp-block-media-text__media\"><img loading=\"lazy\" decoding=\"async\" width=\"1024\" height=\"720\" src=\"https:\/\/interaccioninformativa.mx\/wp-content\/uploads\/2025\/09\/varios-sistemas-invernales-cruzaran-a-mexico-en-proximos-meses-y-estos-son-los-efectos-que-nos-ocasionarian-frio-invierno-otono-1758865555188_1024-1.jpeg\" alt=\"\" class=\"wp-image-1279 size-full\" srcset=\"https:\/\/interaccioninformativa.mx\/wp-content\/uploads\/2025\/09\/varios-sistemas-invernales-cruzaran-a-mexico-en-proximos-meses-y-estos-son-los-efectos-que-nos-ocasionarian-frio-invierno-otono-1758865555188_1024-1.jpeg 1024w, https:\/\/interaccioninformativa.mx\/wp-content\/uploads\/2025\/09\/varios-sistemas-invernales-cruzaran-a-mexico-en-proximos-meses-y-estos-son-los-efectos-que-nos-ocasionarian-frio-invierno-otono-1758865555188_1024-1-300x211.jpeg 300w, https:\/\/interaccioninformativa.mx\/wp-content\/uploads\/2025\/09\/varios-sistemas-invernales-cruzaran-a-mexico-en-proximos-meses-y-estos-son-los-efectos-que-nos-ocasionarian-frio-invierno-otono-1758865555188_1024-1-768x540.jpeg 768w\" sizes=\"auto, (max-width: 1024px) 100vw, 1024px\" \/><\/figure><div class=\"wp-block-media-text__content\">\n<p>Con el inicio del oto\u00f1o, M\u00e9xico experimentar\u00e1 un aumento progresivo de sistemas meteorol\u00f3gicos caracter\u00edsticos de la temporada, que alterar\u00e1n significativamente las condiciones clim\u00e1ticas. \u00bfConoces los impactos que estos sistemas traen consigo? Temporadas meteorol\u00f3gicas y fen\u00f3menos invernales A partir de promedios hist\u00f3ricos, se definen las temporadas meteorol\u00f3gicas, aunque la frecuencia, inicio o fin de los sistemas que las caracterizan puede variar. La temporada de frentes fr\u00edos y \u201cNortes\u201d abarca desde el 1 al 15 de septiembre hasta el 15 de mayo. Aunque es posible que un frente fr\u00edo llegue en agosto o se extienda hasta junio, fuera de este periodo, esto no implica fen\u00f3menos extremos ni cambio clim\u00e1tico, ya que las temporadas cubren los meses de mayor actividad. El invierno, de diciembre a febrero, es la etapa de mayor frecuencia e intensidad de fr\u00edos, aunque puede alternar con d\u00edas c\u00e1lidos. A continuaci\u00f3n, se describen las caracter\u00edsticas y efectos de los sistemas meteorol\u00f3gicos desde oto\u00f1o hasta primavera en M\u00e9xico.<\/p>\n\n\n\n<p><\/p>\n<\/div><\/div>\n","protected":false},"excerpt":{"rendered":"<div class=\"mh-excerpt\"><p>Con el inicio del oto\u00f1o, M\u00e9xico experimentar\u00e1 un aumento progresivo de sistemas meteorol\u00f3gicos caracter\u00edsticos de la temporada, que alterar\u00e1n significativamente las condiciones clim\u00e1ticas. \u00bfConoces los <a class=\"mh-excerpt-more\" href=\"https:\/\/interaccioninformativa.mx\/index.php\/2025\/09\/27\/una-oleada-de-frentes-frios-se-avecina-a-mexico-lista-para-desatar-sus-efectos-en-los-meses-venideros\/\" title=\"Una oleada de frentes fr\u00edos se avecina a M\u00e9xico, lista para desatar sus efectos en los meses venideros.\">[&#8230;]<\/a><\/p>\n<\/div>","protected":false},"author":1,"featured_media":1279,"comment_status":"open","ping_status":"closed","sticky":false,"template":"","format":"standard","meta":{"footnotes":""},"categories":[1],"tags":[],"class_list":["post-1278","post","type-post","status-publish","format-standard","has-post-thumbnail","hentry","category-noticias"],"_links":{"self":[{"href":"https:\/\/interaccioninformativa.mx\/index.php\/wp-json\/wp\/v2\/posts\/1278","targetHints":{"allow":["GET"]}}],"collection":[{"href":"https:\/\/interaccioninformativa.mx\/index.php\/wp-json\/wp\/v2\/posts"}],"about":[{"href":"https:\/\/interaccioninformativa.mx\/index.php\/wp-json\/wp\/v2\/types\/post"}],"author":[{"embeddable":true,"href":"https:\/\/interaccioninformativa.mx\/index.php\/wp-json\/wp\/v2\/users\/1"}],"replies":[{"embeddable":true,"href":"https:\/\/interaccioninformativa.mx\/index.php\/wp-json\/wp\/v2\/comments?post=1278"}],"version-history":[{"count":1,"href":"https:\/\/interaccioninformativa.mx\/index.php\/wp-json\/wp\/v2\/posts\/1278\/revisions"}],"predecessor-version":[{"id":1280,"href":"https:\/\/interaccioninformativa.mx\/index.php\/wp-json\/wp\/v2\/posts\/1278\/revisions\/1280"}],"wp:featuredmedia":[{"embeddable":true,"href":"https:\/\/interaccioninformativa.mx\/index.php\/wp-json\/wp\/v2\/media\/1279"}],"wp:attachment":[{"href":"https:\/\/interaccioninformativa.mx\/index.php\/wp-json\/wp\/v2\/media?parent=1278"}],"wp:term":[{"taxonomy":"category","embeddable":true,"href":"https:\/\/interaccioninformativa.mx\/index.php\/wp-json\/wp\/v2\/categories?post=1278"},{"taxonomy":"post_tag","embeddable":true,"href":"https:\/\/interaccioninformativa.mx\/index.php\/wp-json\/wp\/v2\/tags?post=1278"}],"curies":[{"name":"wp","href":"https:\/\/api.w.org\/{rel}","templated":true}]}}