{"id":1285,"date":"2025-09-28T16:34:18","date_gmt":"2025-09-28T16:34:18","guid":{"rendered":"https:\/\/interaccioninformativa.mx\/?p=1285"},"modified":"2025-09-29T16:38:17","modified_gmt":"2025-09-29T16:38:17","slug":"asociaciones-de-futbol-y-ongs-demandan-la-suspension-de-israel","status":"publish","type":"post","link":"https:\/\/interaccioninformativa.mx\/index.php\/2025\/09\/28\/asociaciones-de-futbol-y-ongs-demandan-la-suspension-de-israel\/","title":{"rendered":"Asociaciones de f\u00fatbol y ONGs demandan la suspensi\u00f3n de Israel"},"content":{"rendered":"\n<div class=\"wp-block-media-text is-stacked-on-mobile\"><figure class=\"wp-block-media-text__media\"><img loading=\"lazy\" decoding=\"async\" width=\"800\" height=\"777\" src=\"https:\/\/interaccioninformativa.mx\/wp-content\/uploads\/2025\/09\/ISRAEL-FUERA-e1759098201483.jpg\" alt=\"\" class=\"wp-image-1286 size-full\" srcset=\"https:\/\/interaccioninformativa.mx\/wp-content\/uploads\/2025\/09\/ISRAEL-FUERA-e1759098201483.jpg 800w, https:\/\/interaccioninformativa.mx\/wp-content\/uploads\/2025\/09\/ISRAEL-FUERA-e1759098201483-300x291.jpg 300w, https:\/\/interaccioninformativa.mx\/wp-content\/uploads\/2025\/09\/ISRAEL-FUERA-e1759098201483-768x746.jpg 768w\" sizes=\"auto, (max-width: 800px) 100vw, 800px\" \/><\/figure><div class=\"wp-block-media-text__content\">\n<p>La presi\u00f3n para que la UEFA y la FIFA excluyan a Israel de competiciones internacionales de f\u00fatbol, como la Europa League y el Mundial 2026, ha aumentado considerablemente.<\/p>\n\n\n\n<p>A las protestas de aficionados en diversos estadios se suman ahora las demandas de asociaciones de f\u00fatbol, como las federaciones de Palestina y Turqu\u00eda, que exigen la inhabilitaci\u00f3n de Israel. Tambi\u00e9n se han pronunciado atletas y organizaciones no gubernamentales (ONG).<\/p>\n\n\n\n<p><strong>Aficionados rechazan a equipos de Israel<\/strong> Los c\u00e1nticos de \u201c\u00a1Fuera Israel, viva Palestina!\u201d resuenan cada vez con m\u00e1s fuerza en estadios alrededor del mundo.<\/p>\n\n\n\n<p>En Wembley, Inglaterra, antes del encuentro entre Manchester United y Manchester City, un grupo de aficionados se reuni\u00f3 fuera del estadio para exigir la expulsi\u00f3n de Israel de la FIFA.<\/p>\n\n\n\n<p>En Grecia, durante el partido entre el AEK Atenas y el equipo israel\u00ed Hapoel Beer Sheva, el p\u00fablico del estadio clam\u00f3 un\u00e1nimemente por la exclusi\u00f3n de Israel.<\/p>\n\n\n\n<p>No obstante, las ONG insisten en que es necesario intensificar la condena para presionar a la UEFA y la FIFA a tomar la decisi\u00f3n de suspender a Israel.<\/p>\n<\/div><\/div>\n","protected":false},"excerpt":{"rendered":"<div class=\"mh-excerpt\"><p>La presi\u00f3n para que la UEFA y la FIFA excluyan a Israel de competiciones internacionales de f\u00fatbol, como la Europa League y el Mundial 2026, <a class=\"mh-excerpt-more\" href=\"https:\/\/interaccioninformativa.mx\/index.php\/2025\/09\/28\/asociaciones-de-futbol-y-ongs-demandan-la-suspension-de-israel\/\" title=\"Asociaciones de f\u00fatbol y ONGs demandan la suspensi\u00f3n de Israel\">[&#8230;]<\/a><\/p>\n<\/div>","protected":false},"author":1,"featured_media":1286,"comment_status":"open","ping_status":"closed","sticky":false,"template":"","format":"standard","meta":{"footnotes":""},"categories":[1],"tags":[],"class_list":["post-1285","post","type-post","status-publish","format-standard","has-post-thumbnail","hentry","category-noticias"],"_links":{"self":[{"href":"https:\/\/interaccioninformativa.mx\/index.php\/wp-json\/wp\/v2\/posts\/1285","targetHints":{"allow":["GET"]}}],"collection":[{"href":"https:\/\/interaccioninformativa.mx\/index.php\/wp-json\/wp\/v2\/posts"}],"about":[{"href":"https:\/\/interaccioninformativa.mx\/index.php\/wp-json\/wp\/v2\/types\/post"}],"author":[{"embeddable":true,"href":"https:\/\/interaccioninformativa.mx\/index.php\/wp-json\/wp\/v2\/users\/1"}],"replies":[{"embeddable":true,"href":"https:\/\/interaccioninformativa.mx\/index.php\/wp-json\/wp\/v2\/comments?post=1285"}],"version-history":[{"count":1,"href":"https:\/\/interaccioninformativa.mx\/index.php\/wp-json\/wp\/v2\/posts\/1285\/revisions"}],"predecessor-version":[{"id":1287,"href":"https:\/\/interaccioninformativa.mx\/index.php\/wp-json\/wp\/v2\/posts\/1285\/revisions\/1287"}],"wp:featuredmedia":[{"embeddable":true,"href":"https:\/\/interaccioninformativa.mx\/index.php\/wp-json\/wp\/v2\/media\/1286"}],"wp:attachment":[{"href":"https:\/\/interaccioninformativa.mx\/index.php\/wp-json\/wp\/v2\/media?parent=1285"}],"wp:term":[{"taxonomy":"category","embeddable":true,"href":"https:\/\/interaccioninformativa.mx\/index.php\/wp-json\/wp\/v2\/categories?post=1285"},{"taxonomy":"post_tag","embeddable":true,"href":"https:\/\/interaccioninformativa.mx\/index.php\/wp-json\/wp\/v2\/tags?post=1285"}],"curies":[{"name":"wp","href":"https:\/\/api.w.org\/{rel}","templated":true}]}}