{"id":1288,"date":"2025-09-28T16:37:14","date_gmt":"2025-09-28T16:37:14","guid":{"rendered":"https:\/\/interaccioninformativa.mx\/?p=1288"},"modified":"2025-09-29T16:37:25","modified_gmt":"2025-09-29T16:37:25","slug":"renuevan-el-jardin-santiago-en-tlatelolco","status":"publish","type":"post","link":"https:\/\/interaccioninformativa.mx\/index.php\/2025\/09\/28\/renuevan-el-jardin-santiago-en-tlatelolco\/","title":{"rendered":"Renuevan el Jard\u00edn Santiago en Tlatelolco"},"content":{"rendered":"\n<div class=\"wp-block-media-text is-stacked-on-mobile\"><figure class=\"wp-block-media-text__media\"><img loading=\"lazy\" decoding=\"async\" width=\"1024\" height=\"576\" src=\"https:\/\/interaccioninformativa.mx\/wp-content\/uploads\/2025\/09\/1-172-1024x576.webp\" alt=\"\" class=\"wp-image-1289 size-full\" srcset=\"https:\/\/interaccioninformativa.mx\/wp-content\/uploads\/2025\/09\/1-172-1024x576.webp 1024w, https:\/\/interaccioninformativa.mx\/wp-content\/uploads\/2025\/09\/1-172-300x169.webp 300w, https:\/\/interaccioninformativa.mx\/wp-content\/uploads\/2025\/09\/1-172-768x432.webp 768w, https:\/\/interaccioninformativa.mx\/wp-content\/uploads\/2025\/09\/1-172-678x381.webp 678w, https:\/\/interaccioninformativa.mx\/wp-content\/uploads\/2025\/09\/1-172.webp 1366w\" sizes=\"auto, (max-width: 1024px) 100vw, 1024px\" \/><\/figure><div class=\"wp-block-media-text__content\">\n<p>Tras una serie de mejoras en el Jard\u00edn Santiago, realizadas por la Alcald\u00eda Cuauht\u00e9moc, que incluyeron poda, rehabilitaci\u00f3n de pasillos y trabajos de jardiner\u00eda general, la alcaldesa Alessandra Rojo de la Vega recorri\u00f3 la zona acompa\u00f1ada por vecinos, concejales e integrantes de su gobierno.<\/p>\n\n\n\n<p>Como parte de las intervenciones, se instalaron nuevos se\u00f1alamientos y mapas en la tercera secci\u00f3n de Tlatelolco, especialmente en las \u00e1reas cercanas al Jard\u00edn Santiago y la Torre Cuauht\u00e9moc. Tambi\u00e9n se renovaron pasillos y se realizaron tareas de mantenimiento y poda en las \u00e1reas verdes.<\/p>\n\n\n\n<p>En la colonia Guerrero, al cruzar la avenida Ricardo Flores Mag\u00f3n, se recuper\u00f3 un parque junto al M\u00f3dulo Diana, como parte de la estrategia integral de rescate de espacios p\u00fablicos en la alcald\u00eda.<\/p>\n\n\n\n<p>Durante su visita, la alcaldesa destac\u00f3 que, adem\u00e1s de la infraestructura renovada, estas acciones permiten que las familias dispongan de espacios seguros y dignos para la convivencia. Subray\u00f3 que recuperar un parque o jard\u00edn significa restarle espacio a la delincuencia y a usos indebidos, devolvi\u00e9ndolo a la comunidad.<\/p>\n\n\n\n<p>\u201cEsto es un esfuerzo colectivo. Estamos rescatando espacios que estuvieron abandonados por a\u00f1os, con el compromiso de transformarlos en lugares de encuentro para las familias de Tlatelolco y de toda la alcald\u00eda. Cada espacio p\u00fablico recuperado es un terreno menos para la delincuencia y uno m\u00e1s para la convivencia y el orgullo comunitario\u201d, afirm\u00f3.<\/p>\n<\/div><\/div>\n","protected":false},"excerpt":{"rendered":"<div class=\"mh-excerpt\"><p>Tras una serie de mejoras en el Jard\u00edn Santiago, realizadas por la Alcald\u00eda Cuauht\u00e9moc, que incluyeron poda, rehabilitaci\u00f3n de pasillos y trabajos de jardiner\u00eda general, <a class=\"mh-excerpt-more\" href=\"https:\/\/interaccioninformativa.mx\/index.php\/2025\/09\/28\/renuevan-el-jardin-santiago-en-tlatelolco\/\" title=\"Renuevan el Jard\u00edn Santiago en Tlatelolco\">[&#8230;]<\/a><\/p>\n<\/div>","protected":false},"author":1,"featured_media":1289,"comment_status":"open","ping_status":"closed","sticky":false,"template":"","format":"standard","meta":{"footnotes":""},"categories":[1],"tags":[],"class_list":["post-1288","post","type-post","status-publish","format-standard","has-post-thumbnail","hentry","category-noticias"],"_links":{"self":[{"href":"https:\/\/interaccioninformativa.mx\/index.php\/wp-json\/wp\/v2\/posts\/1288","targetHints":{"allow":["GET"]}}],"collection":[{"href":"https:\/\/interaccioninformativa.mx\/index.php\/wp-json\/wp\/v2\/posts"}],"about":[{"href":"https:\/\/interaccioninformativa.mx\/index.php\/wp-json\/wp\/v2\/types\/post"}],"author":[{"embeddable":true,"href":"https:\/\/interaccioninformativa.mx\/index.php\/wp-json\/wp\/v2\/users\/1"}],"replies":[{"embeddable":true,"href":"https:\/\/interaccioninformativa.mx\/index.php\/wp-json\/wp\/v2\/comments?post=1288"}],"version-history":[{"count":1,"href":"https:\/\/interaccioninformativa.mx\/index.php\/wp-json\/wp\/v2\/posts\/1288\/revisions"}],"predecessor-version":[{"id":1290,"href":"https:\/\/interaccioninformativa.mx\/index.php\/wp-json\/wp\/v2\/posts\/1288\/revisions\/1290"}],"wp:featuredmedia":[{"embeddable":true,"href":"https:\/\/interaccioninformativa.mx\/index.php\/wp-json\/wp\/v2\/media\/1289"}],"wp:attachment":[{"href":"https:\/\/interaccioninformativa.mx\/index.php\/wp-json\/wp\/v2\/media?parent=1288"}],"wp:term":[{"taxonomy":"category","embeddable":true,"href":"https:\/\/interaccioninformativa.mx\/index.php\/wp-json\/wp\/v2\/categories?post=1288"},{"taxonomy":"post_tag","embeddable":true,"href":"https:\/\/interaccioninformativa.mx\/index.php\/wp-json\/wp\/v2\/tags?post=1288"}],"curies":[{"name":"wp","href":"https:\/\/api.w.org\/{rel}","templated":true}]}}