{"id":1294,"date":"2025-09-29T16:48:33","date_gmt":"2025-09-29T16:48:33","guid":{"rendered":"https:\/\/interaccioninformativa.mx\/?p=1294"},"modified":"2025-09-29T16:48:40","modified_gmt":"2025-09-29T16:48:40","slug":"facultad-de-quimica-de-la-unam-suspende-clases-presenciales-debido-a-amenazas-en-redes-sociales","status":"publish","type":"post","link":"https:\/\/interaccioninformativa.mx\/index.php\/2025\/09\/29\/facultad-de-quimica-de-la-unam-suspende-clases-presenciales-debido-a-amenazas-en-redes-sociales\/","title":{"rendered":"Facultad de Qu\u00edmica de la UNAM suspende clases presenciales debido a amenazas en redes sociales"},"content":{"rendered":"\n<div class=\"wp-block-media-text is-stacked-on-mobile\"><figure class=\"wp-block-media-text__media\"><img loading=\"lazy\" decoding=\"async\" width=\"1024\" height=\"640\" src=\"https:\/\/interaccioninformativa.mx\/wp-content\/uploads\/2025\/09\/amenaza-unam-redes-sociales-facultad-quimica-290925-2-1024x640.jpg\" alt=\"\" class=\"wp-image-1295 size-full\" srcset=\"https:\/\/interaccioninformativa.mx\/wp-content\/uploads\/2025\/09\/amenaza-unam-redes-sociales-facultad-quimica-290925-2-1024x640.jpg 1024w, https:\/\/interaccioninformativa.mx\/wp-content\/uploads\/2025\/09\/amenaza-unam-redes-sociales-facultad-quimica-290925-2-300x188.jpg 300w, https:\/\/interaccioninformativa.mx\/wp-content\/uploads\/2025\/09\/amenaza-unam-redes-sociales-facultad-quimica-290925-2-768x480.jpg 768w, https:\/\/interaccioninformativa.mx\/wp-content\/uploads\/2025\/09\/amenaza-unam-redes-sociales-facultad-quimica-290925-2.jpg 1200w\" sizes=\"auto, (max-width: 1024px) 100vw, 1024px\" \/><\/figure><div class=\"wp-block-media-text__content\">\n<p>La Facultad de Qu\u00edmica de la UNAM suspendi\u00f3 las clases presenciales a partir del lunes 29 de septiembre debido a amenazas digitales dirigidas a miembros de la comunidad, recibidas a trav\u00e9s de redes sociales y correo electr\u00f3nico.<\/p>\n\n\n\n<p>En un comunicado firmado por el director, Carlos Amador Bedolla, se anunci\u00f3 que se presentar\u00e1n las denuncias correspondientes ante la Fiscal\u00eda General de la Rep\u00fablica (FGR). \u00abEl d\u00eda 28 de septiembre se elaboraron actas de hechos y, en breve, se presentar\u00e1 una denuncia ante la Fiscal\u00eda General de la Rep\u00fablica para iniciar la investigaci\u00f3n legal correspondiente por amenazas digitales contra integrantes de la comunidad en redes sociales (Facebook) y v\u00eda correo electr\u00f3nico, con el fin de identificar y localizar a los responsables. \u00abAsimismo, se mantiene comunicaci\u00f3n constante con las autoridades de la universidad, que est\u00e1n al tanto de la situaci\u00f3n y colaboran estrechamente con la facultad para atender cualquier contingencia\u00bb, se\u00f1al\u00f3.<\/p>\n\n\n\n<p>En otro mensaje difundido en las redes sociales de la facultad, se pidi\u00f3 a los estudiantes seguir las indicaciones de los profesores para continuar las actividades de manera remota. \u00abDebido a las recientes amenazas digitales recibidas por diversos miembros de nuestra comunidad a trav\u00e9s de redes sociales (Facebook) y correo electr\u00f3nico, la Facultad de Qu\u00edmica informa que las clases te\u00f3ricas y de laboratorio se impartir\u00e1n en l\u00ednea en los horarios habituales, con el objetivo de garantizar la seguridad de todos los integrantes de la facultad. \u00abSe solicita a los estudiantes atender las instrucciones de sus profesores para continuar con las actividades a distancia\u00bb, indic\u00f3 el comunicado.<\/p>\n<\/div><\/div>\n","protected":false},"excerpt":{"rendered":"<div class=\"mh-excerpt\"><p>La Facultad de Qu\u00edmica de la UNAM suspendi\u00f3 las clases presenciales a partir del lunes 29 de septiembre debido a amenazas digitales dirigidas a miembros <a class=\"mh-excerpt-more\" href=\"https:\/\/interaccioninformativa.mx\/index.php\/2025\/09\/29\/facultad-de-quimica-de-la-unam-suspende-clases-presenciales-debido-a-amenazas-en-redes-sociales\/\" title=\"Facultad de Qu\u00edmica de la UNAM suspende clases presenciales debido a amenazas en redes sociales\">[&#8230;]<\/a><\/p>\n<\/div>","protected":false},"author":1,"featured_media":1295,"comment_status":"open","ping_status":"closed","sticky":false,"template":"","format":"standard","meta":{"footnotes":""},"categories":[1],"tags":[],"class_list":["post-1294","post","type-post","status-publish","format-standard","has-post-thumbnail","hentry","category-noticias"],"_links":{"self":[{"href":"https:\/\/interaccioninformativa.mx\/index.php\/wp-json\/wp\/v2\/posts\/1294","targetHints":{"allow":["GET"]}}],"collection":[{"href":"https:\/\/interaccioninformativa.mx\/index.php\/wp-json\/wp\/v2\/posts"}],"about":[{"href":"https:\/\/interaccioninformativa.mx\/index.php\/wp-json\/wp\/v2\/types\/post"}],"author":[{"embeddable":true,"href":"https:\/\/interaccioninformativa.mx\/index.php\/wp-json\/wp\/v2\/users\/1"}],"replies":[{"embeddable":true,"href":"https:\/\/interaccioninformativa.mx\/index.php\/wp-json\/wp\/v2\/comments?post=1294"}],"version-history":[{"count":1,"href":"https:\/\/interaccioninformativa.mx\/index.php\/wp-json\/wp\/v2\/posts\/1294\/revisions"}],"predecessor-version":[{"id":1296,"href":"https:\/\/interaccioninformativa.mx\/index.php\/wp-json\/wp\/v2\/posts\/1294\/revisions\/1296"}],"wp:featuredmedia":[{"embeddable":true,"href":"https:\/\/interaccioninformativa.mx\/index.php\/wp-json\/wp\/v2\/media\/1295"}],"wp:attachment":[{"href":"https:\/\/interaccioninformativa.mx\/index.php\/wp-json\/wp\/v2\/media?parent=1294"}],"wp:term":[{"taxonomy":"category","embeddable":true,"href":"https:\/\/interaccioninformativa.mx\/index.php\/wp-json\/wp\/v2\/categories?post=1294"},{"taxonomy":"post_tag","embeddable":true,"href":"https:\/\/interaccioninformativa.mx\/index.php\/wp-json\/wp\/v2\/tags?post=1294"}],"curies":[{"name":"wp","href":"https:\/\/api.w.org\/{rel}","templated":true}]}}