{"id":1297,"date":"2025-09-29T17:02:45","date_gmt":"2025-09-29T17:02:45","guid":{"rendered":"https:\/\/interaccioninformativa.mx\/?p=1297"},"modified":"2025-09-29T17:02:45","modified_gmt":"2025-09-29T17:02:45","slug":"nuevo-incidente-en-el-aicm-se-satura-la-comunicacion-con-aeronaves","status":"publish","type":"post","link":"https:\/\/interaccioninformativa.mx\/index.php\/2025\/09\/29\/nuevo-incidente-en-el-aicm-se-satura-la-comunicacion-con-aeronaves\/","title":{"rendered":"Nuevo incidente en el AICM: se satura la comunicaci\u00f3n con aeronaves"},"content":{"rendered":"\n<div class=\"wp-block-media-text is-stacked-on-mobile\"><figure class=\"wp-block-media-text__media\"><img loading=\"lazy\" decoding=\"async\" width=\"1024\" height=\"576\" src=\"https:\/\/interaccioninformativa.mx\/wp-content\/uploads\/2025\/09\/YBWIQTHUHBDFRLFNKELCS2YXNI-1024x576.avif\" alt=\"\" class=\"wp-image-1298 size-full\" srcset=\"https:\/\/interaccioninformativa.mx\/wp-content\/uploads\/2025\/09\/YBWIQTHUHBDFRLFNKELCS2YXNI-1024x576.avif 1024w, https:\/\/interaccioninformativa.mx\/wp-content\/uploads\/2025\/09\/YBWIQTHUHBDFRLFNKELCS2YXNI-300x169.avif 300w, https:\/\/interaccioninformativa.mx\/wp-content\/uploads\/2025\/09\/YBWIQTHUHBDFRLFNKELCS2YXNI-768x432.avif 768w, https:\/\/interaccioninformativa.mx\/wp-content\/uploads\/2025\/09\/YBWIQTHUHBDFRLFNKELCS2YXNI-678x381.avif 678w, https:\/\/interaccioninformativa.mx\/wp-content\/uploads\/2025\/09\/YBWIQTHUHBDFRLFNKELCS2YXNI.avif 1200w\" sizes=\"auto, (max-width: 1024px) 100vw, 1024px\" \/><\/figure><div class=\"wp-block-media-text__content\">\n<p>Un grave percance sacudi\u00f3 al Aeropuerto Internacional de la Ciudad de M\u00e9xico (AICM) la noche del s\u00e1bado, cuando un fallo cr\u00edtico en las frecuencias de la torre de control del principal aeropuerto del pa\u00eds interrumpi\u00f3 las comunicaciones, seg\u00fan fuentes consultadas por El Financiero. De acuerdo con el informe al que tuvo acceso este medio, a partir de las 19:55 horas (hora del centro), la torre de control perdi\u00f3 contacto con las aeronaves. \u201cNo hay forma de comunicarnos con los aviones ni de emitir instrucciones\u201d, revel\u00f3 una fuente an\u00f3nima.<\/p>\n<\/div><\/div>\n","protected":false},"excerpt":{"rendered":"<div class=\"mh-excerpt\"><p>Un grave percance sacudi\u00f3 al Aeropuerto Internacional de la Ciudad de M\u00e9xico (AICM) la noche del s\u00e1bado, cuando un fallo cr\u00edtico en las frecuencias de <a class=\"mh-excerpt-more\" href=\"https:\/\/interaccioninformativa.mx\/index.php\/2025\/09\/29\/nuevo-incidente-en-el-aicm-se-satura-la-comunicacion-con-aeronaves\/\" title=\"Nuevo incidente en el AICM: se satura la comunicaci\u00f3n con aeronaves\">[&#8230;]<\/a><\/p>\n<\/div>","protected":false},"author":1,"featured_media":1298,"comment_status":"open","ping_status":"closed","sticky":false,"template":"","format":"standard","meta":{"footnotes":""},"categories":[1],"tags":[],"class_list":["post-1297","post","type-post","status-publish","format-standard","has-post-thumbnail","hentry","category-noticias"],"_links":{"self":[{"href":"https:\/\/interaccioninformativa.mx\/index.php\/wp-json\/wp\/v2\/posts\/1297","targetHints":{"allow":["GET"]}}],"collection":[{"href":"https:\/\/interaccioninformativa.mx\/index.php\/wp-json\/wp\/v2\/posts"}],"about":[{"href":"https:\/\/interaccioninformativa.mx\/index.php\/wp-json\/wp\/v2\/types\/post"}],"author":[{"embeddable":true,"href":"https:\/\/interaccioninformativa.mx\/index.php\/wp-json\/wp\/v2\/users\/1"}],"replies":[{"embeddable":true,"href":"https:\/\/interaccioninformativa.mx\/index.php\/wp-json\/wp\/v2\/comments?post=1297"}],"version-history":[{"count":1,"href":"https:\/\/interaccioninformativa.mx\/index.php\/wp-json\/wp\/v2\/posts\/1297\/revisions"}],"predecessor-version":[{"id":1299,"href":"https:\/\/interaccioninformativa.mx\/index.php\/wp-json\/wp\/v2\/posts\/1297\/revisions\/1299"}],"wp:featuredmedia":[{"embeddable":true,"href":"https:\/\/interaccioninformativa.mx\/index.php\/wp-json\/wp\/v2\/media\/1298"}],"wp:attachment":[{"href":"https:\/\/interaccioninformativa.mx\/index.php\/wp-json\/wp\/v2\/media?parent=1297"}],"wp:term":[{"taxonomy":"category","embeddable":true,"href":"https:\/\/interaccioninformativa.mx\/index.php\/wp-json\/wp\/v2\/categories?post=1297"},{"taxonomy":"post_tag","embeddable":true,"href":"https:\/\/interaccioninformativa.mx\/index.php\/wp-json\/wp\/v2\/tags?post=1297"}],"curies":[{"name":"wp","href":"https:\/\/api.w.org\/{rel}","templated":true}]}}