{"id":1300,"date":"2025-09-30T16:25:50","date_gmt":"2025-09-30T16:25:50","guid":{"rendered":"https:\/\/interaccioninformativa.mx\/?p=1300"},"modified":"2025-09-30T16:25:50","modified_gmt":"2025-09-30T16:25:50","slug":"fallece-el-migrante-mexicano-lesionado-durante-un-enfrentamiento-armado-en-las-oficinas-de-ice-en-dallas","status":"publish","type":"post","link":"https:\/\/interaccioninformativa.mx\/index.php\/2025\/09\/30\/fallece-el-migrante-mexicano-lesionado-durante-un-enfrentamiento-armado-en-las-oficinas-de-ice-en-dallas\/","title":{"rendered":"Fallece el migrante mexicano lesionado durante un enfrentamiento armado en las oficinas de ICE en Dallas."},"content":{"rendered":"\n<div class=\"wp-block-media-text is-stacked-on-mobile\"><figure class=\"wp-block-media-text__media\"><img loading=\"lazy\" decoding=\"async\" width=\"880\" height=\"586\" src=\"https:\/\/interaccioninformativa.mx\/wp-content\/uploads\/2025\/09\/el-mexicano-miguel-angel-garcia-resulto-5JE3NKZGABF45E3SWAKDO7EPTE.avif\" alt=\"\" class=\"wp-image-1301 size-full\" srcset=\"https:\/\/interaccioninformativa.mx\/wp-content\/uploads\/2025\/09\/el-mexicano-miguel-angel-garcia-resulto-5JE3NKZGABF45E3SWAKDO7EPTE.avif 880w, https:\/\/interaccioninformativa.mx\/wp-content\/uploads\/2025\/09\/el-mexicano-miguel-angel-garcia-resulto-5JE3NKZGABF45E3SWAKDO7EPTE-300x200.avif 300w, https:\/\/interaccioninformativa.mx\/wp-content\/uploads\/2025\/09\/el-mexicano-miguel-angel-garcia-resulto-5JE3NKZGABF45E3SWAKDO7EPTE-768x511.avif 768w\" sizes=\"auto, (max-width: 880px) 100vw, 880px\" \/><\/figure><div class=\"wp-block-media-text__content\">\n<p>Un segundo inmigrante herido en un ataque armado en un centro de detenci\u00f3n de ICE en Dallas el pasado 24 de septiembre muri\u00f3 este martes, seg\u00fan inform\u00f3 un representante del Departamento de Seguridad Nacional y David Cruz, portavoz de LULAC.<\/p>\n\n\n\n<p>Miguel \u00c1ngel Garc\u00eda Hern\u00e1ndez, mexicano de 32 a\u00f1os, uno de los tres detenidos baleados en el incidente, perdi\u00f3 la vida tras varios d\u00edas internado en un hospital, confirmaron las autoridades.<\/p>\n\n\n\n<p>\u201cMi esposo Miguel era un hombre excepcional, un padre dedicado y el pilar de nuestro hogar\u201d, expres\u00f3 su esposa, Stephany Gauffeny, en un comunicado difundido por LULAC. \u201cReci\u00e9n hab\u00edamos adquirido nuestra primera vivienda juntos, y \u00e9l se esforzaba cada d\u00eda para garantizar que a nuestros hijos no les faltara nada. Su p\u00e9rdida es una tragedia devastadora que ha roto a nuestra familia. No s\u00e9 c\u00f3mo decirles a nuestros hijos que su padre ya no est\u00e1\u201d.<\/p>\n\n\n\n<p>Otro detenido, Norlan Guzm\u00e1n Fuentes, de 37 a\u00f1os y originario de El Salvador, falleci\u00f3 el d\u00eda del ataque, seg\u00fan confirm\u00f3 ICE el lunes.<\/p>\n\n\n\n<p>El tercer inmigrante herido contin\u00faa hospitalizado, indic\u00f3 el representante de Seguridad Nacional.<\/p>\n\n\n\n<p>El atacante abri\u00f3 fuego contra la oficina de ICE, seg\u00fan las autoridades El responsable del ataque, Joshua Jahn, dispar\u00f3 desde la azotea de un edificio cercano contra la oficina de ICE en Dallas, informaron las autoridades.<\/p>\n\n\n\n<p>Los disparos impactaron a tres detenidos que se encontraban en una camioneta en la entrada de las instalaciones, seg\u00fan el Departamento de Seguridad Nacional.<\/p>\n\n\n\n<p>Jahn, de 29 a\u00f1os, se quit\u00f3 la vida con un disparo poco despu\u00e9s del incidente, seg\u00fan las autoridades. Notas manuscritas dejadas por Jahn revelaron que su intenci\u00f3n era \u201cinfundir terror en los agentes de ICE al hacerles temer por sus vidas\u201d, declar\u00f3 Nancy Larson, fiscal federal interina del Distrito Norte de Texas.<\/p>\n\n\n\n<p>\u201cLa iron\u00eda de su plan cruel\u201d es que las v\u00edctimas fueron tres detenidos, se\u00f1al\u00f3 Larson la semana pasada.<\/p>\n<\/div><\/div>\n","protected":false},"excerpt":{"rendered":"<div class=\"mh-excerpt\"><p>Un segundo inmigrante herido en un ataque armado en un centro de detenci\u00f3n de ICE en Dallas el pasado 24 de septiembre muri\u00f3 este martes, <a class=\"mh-excerpt-more\" href=\"https:\/\/interaccioninformativa.mx\/index.php\/2025\/09\/30\/fallece-el-migrante-mexicano-lesionado-durante-un-enfrentamiento-armado-en-las-oficinas-de-ice-en-dallas\/\" title=\"Fallece el migrante mexicano lesionado durante un enfrentamiento armado en las oficinas de ICE en Dallas.\">[&#8230;]<\/a><\/p>\n<\/div>","protected":false},"author":1,"featured_media":1301,"comment_status":"open","ping_status":"closed","sticky":false,"template":"","format":"standard","meta":{"footnotes":""},"categories":[1],"tags":[],"class_list":["post-1300","post","type-post","status-publish","format-standard","has-post-thumbnail","hentry","category-noticias"],"_links":{"self":[{"href":"https:\/\/interaccioninformativa.mx\/index.php\/wp-json\/wp\/v2\/posts\/1300","targetHints":{"allow":["GET"]}}],"collection":[{"href":"https:\/\/interaccioninformativa.mx\/index.php\/wp-json\/wp\/v2\/posts"}],"about":[{"href":"https:\/\/interaccioninformativa.mx\/index.php\/wp-json\/wp\/v2\/types\/post"}],"author":[{"embeddable":true,"href":"https:\/\/interaccioninformativa.mx\/index.php\/wp-json\/wp\/v2\/users\/1"}],"replies":[{"embeddable":true,"href":"https:\/\/interaccioninformativa.mx\/index.php\/wp-json\/wp\/v2\/comments?post=1300"}],"version-history":[{"count":1,"href":"https:\/\/interaccioninformativa.mx\/index.php\/wp-json\/wp\/v2\/posts\/1300\/revisions"}],"predecessor-version":[{"id":1302,"href":"https:\/\/interaccioninformativa.mx\/index.php\/wp-json\/wp\/v2\/posts\/1300\/revisions\/1302"}],"wp:featuredmedia":[{"embeddable":true,"href":"https:\/\/interaccioninformativa.mx\/index.php\/wp-json\/wp\/v2\/media\/1301"}],"wp:attachment":[{"href":"https:\/\/interaccioninformativa.mx\/index.php\/wp-json\/wp\/v2\/media?parent=1300"}],"wp:term":[{"taxonomy":"category","embeddable":true,"href":"https:\/\/interaccioninformativa.mx\/index.php\/wp-json\/wp\/v2\/categories?post=1300"},{"taxonomy":"post_tag","embeddable":true,"href":"https:\/\/interaccioninformativa.mx\/index.php\/wp-json\/wp\/v2\/tags?post=1300"}],"curies":[{"name":"wp","href":"https:\/\/api.w.org\/{rel}","templated":true}]}}