{"id":1303,"date":"2025-09-30T16:34:22","date_gmt":"2025-09-30T16:34:22","guid":{"rendered":"https:\/\/interaccioninformativa.mx\/?p=1303"},"modified":"2025-09-30T16:34:22","modified_gmt":"2025-09-30T16:34:22","slug":"estilista-de-micky-hair-salon-masaryk-pierde-la-vida-en-un-ataque-deliberado","status":"publish","type":"post","link":"https:\/\/interaccioninformativa.mx\/index.php\/2025\/09\/30\/estilista-de-micky-hair-salon-masaryk-pierde-la-vida-en-un-ataque-deliberado\/","title":{"rendered":"estilista de Micky Hair Sal\u00f3n Masaryk pierde la vida en un ataque deliberado."},"content":{"rendered":"\n<div class=\"wp-block-media-text is-stacked-on-mobile\"><figure class=\"wp-block-media-text__media\"><img loading=\"lazy\" decoding=\"async\" width=\"992\" height=\"558\" src=\"https:\/\/interaccioninformativa.mx\/wp-content\/uploads\/2025\/09\/CKD7KIK32VCTDEOKCCD5B4DJZM.avif\" alt=\"\" class=\"wp-image-1304 size-full\" srcset=\"https:\/\/interaccioninformativa.mx\/wp-content\/uploads\/2025\/09\/CKD7KIK32VCTDEOKCCD5B4DJZM.avif 992w, https:\/\/interaccioninformativa.mx\/wp-content\/uploads\/2025\/09\/CKD7KIK32VCTDEOKCCD5B4DJZM-300x169.avif 300w, https:\/\/interaccioninformativa.mx\/wp-content\/uploads\/2025\/09\/CKD7KIK32VCTDEOKCCD5B4DJZM-768x432.avif 768w, https:\/\/interaccioninformativa.mx\/wp-content\/uploads\/2025\/09\/CKD7KIK32VCTDEOKCCD5B4DJZM-678x381.avif 678w\" sizes=\"auto, (max-width: 992px) 100vw, 992px\" \/><\/figure><div class=\"wp-block-media-text__content\">\n<p>En la noche del 29 de septiembre de 2025, un violento ataque armado acab\u00f3 con la vida de un estilista del sal\u00f3n Micky Hair Masaryk, ubicado en Polanco, Ciudad de M\u00e9xico. Cabe aclarar que hubo un error en los datos iniciales: el presidente nacional de procesos electorales no estaba en P\u00e1tzcuaro, sino en otro municipio.<\/p>\n\n\n\n<p>El crimen ocurri\u00f3 en el cruce de las avenidas Moliere y Presidente Masaryk, en la alcald\u00eda Miguel Hidalgo, desencadenando una intensa respuesta policial en una de las \u00e1reas m\u00e1s concurridas de la capital. Seg\u00fan el periodista Carlos Jim\u00e9nez, la v\u00edctima ser\u00eda Miguel \u00c1ngel de la Mora Larios, un joven de 28 a\u00f1os originario de Jalisco y propietario del negocio. Im\u00e1genes difundidas en redes sociales muestran que la vestimenta de la v\u00edctima coincide con la que Miguel de la Mora llevaba en sus historias de Instagram horas antes del incidente. Adem\u00e1s, la edad reportada por la Secretar\u00eda de Seguridad Ciudadana (SSC) corresponde con la del estilista, quien en una foto de 2020 aparec\u00eda celebrando sus 23 a\u00f1os.<\/p>\n\n\n\n<p>Testigos se\u00f1alan que dos individuos en una motocicleta interceptaron a De la Mora, le dispararon directamente y huyeron del lugar. Tras el ataque, la zona fue resguardada por las autoridades y llegaron servicios de emergencia, pero no lograron salvar la vida del joven empresario.<\/p>\n<\/div><\/div>\n","protected":false},"excerpt":{"rendered":"<div class=\"mh-excerpt\"><p>En la noche del 29 de septiembre de 2025, un violento ataque armado acab\u00f3 con la vida de un estilista del sal\u00f3n Micky Hair Masaryk, <a class=\"mh-excerpt-more\" href=\"https:\/\/interaccioninformativa.mx\/index.php\/2025\/09\/30\/estilista-de-micky-hair-salon-masaryk-pierde-la-vida-en-un-ataque-deliberado\/\" title=\"estilista de Micky Hair Sal\u00f3n Masaryk pierde la vida en un ataque deliberado.\">[&#8230;]<\/a><\/p>\n<\/div>","protected":false},"author":1,"featured_media":1304,"comment_status":"open","ping_status":"closed","sticky":false,"template":"","format":"standard","meta":{"footnotes":""},"categories":[1],"tags":[],"class_list":["post-1303","post","type-post","status-publish","format-standard","has-post-thumbnail","hentry","category-noticias"],"_links":{"self":[{"href":"https:\/\/interaccioninformativa.mx\/index.php\/wp-json\/wp\/v2\/posts\/1303","targetHints":{"allow":["GET"]}}],"collection":[{"href":"https:\/\/interaccioninformativa.mx\/index.php\/wp-json\/wp\/v2\/posts"}],"about":[{"href":"https:\/\/interaccioninformativa.mx\/index.php\/wp-json\/wp\/v2\/types\/post"}],"author":[{"embeddable":true,"href":"https:\/\/interaccioninformativa.mx\/index.php\/wp-json\/wp\/v2\/users\/1"}],"replies":[{"embeddable":true,"href":"https:\/\/interaccioninformativa.mx\/index.php\/wp-json\/wp\/v2\/comments?post=1303"}],"version-history":[{"count":1,"href":"https:\/\/interaccioninformativa.mx\/index.php\/wp-json\/wp\/v2\/posts\/1303\/revisions"}],"predecessor-version":[{"id":1305,"href":"https:\/\/interaccioninformativa.mx\/index.php\/wp-json\/wp\/v2\/posts\/1303\/revisions\/1305"}],"wp:featuredmedia":[{"embeddable":true,"href":"https:\/\/interaccioninformativa.mx\/index.php\/wp-json\/wp\/v2\/media\/1304"}],"wp:attachment":[{"href":"https:\/\/interaccioninformativa.mx\/index.php\/wp-json\/wp\/v2\/media?parent=1303"}],"wp:term":[{"taxonomy":"category","embeddable":true,"href":"https:\/\/interaccioninformativa.mx\/index.php\/wp-json\/wp\/v2\/categories?post=1303"},{"taxonomy":"post_tag","embeddable":true,"href":"https:\/\/interaccioninformativa.mx\/index.php\/wp-json\/wp\/v2\/tags?post=1303"}],"curies":[{"name":"wp","href":"https:\/\/api.w.org\/{rel}","templated":true}]}}