{"id":1309,"date":"2025-10-01T16:25:59","date_gmt":"2025-10-01T16:25:59","guid":{"rendered":"https:\/\/interaccioninformativa.mx\/?p=1309"},"modified":"2025-10-01T16:25:59","modified_gmt":"2025-10-01T16:25:59","slug":"sheinbaum-despide-su-debut-presidencial-con-fuegos-artificiales-y-tropiezos","status":"publish","type":"post","link":"https:\/\/interaccioninformativa.mx\/index.php\/2025\/10\/01\/sheinbaum-despide-su-debut-presidencial-con-fuegos-artificiales-y-tropiezos\/","title":{"rendered":"\u00a1Sheinbaum despide su debut presidencial con fuegos artificiales y tropiezos!"},"content":{"rendered":"\n<div class=\"wp-block-media-text is-stacked-on-mobile\"><figure class=\"wp-block-media-text__media\"><img loading=\"lazy\" decoding=\"async\" width=\"1024\" height=\"682\" src=\"https:\/\/interaccioninformativa.mx\/wp-content\/uploads\/2025\/10\/whatsapp-image-2025-09-29-at-08-38-01-1-1024x682.webp\" alt=\"\" class=\"wp-image-1310 size-full\" srcset=\"https:\/\/interaccioninformativa.mx\/wp-content\/uploads\/2025\/10\/whatsapp-image-2025-09-29-at-08-38-01-1-1024x682.webp 1024w, https:\/\/interaccioninformativa.mx\/wp-content\/uploads\/2025\/10\/whatsapp-image-2025-09-29-at-08-38-01-1-300x200.webp 300w, https:\/\/interaccioninformativa.mx\/wp-content\/uploads\/2025\/10\/whatsapp-image-2025-09-29-at-08-38-01-1-768x512.webp 768w, https:\/\/interaccioninformativa.mx\/wp-content\/uploads\/2025\/10\/whatsapp-image-2025-09-29-at-08-38-01-1.webp 1160w\" sizes=\"auto, (max-width: 1024px) 100vw, 1024px\" \/><\/figure><div class=\"wp-block-media-text__content\">\n<p>\u00a1Un a\u00f1o atr\u00e1s, el pulso de M\u00e9xico lati\u00f3 al un\u00edsono con Claudia Sheinbaum! La candidata de Morena, esa fuerza oficialista, jur\u00f3 como presidenta para el sexenio 2024-2030 en una sesi\u00f3n electrizante del Congreso. Flanqueada por su mentor y compa\u00f1ero de trinchera, Andr\u00e9s Manuel L\u00f3pez Obrador, y ahogada en un mar de vivas \u2014\u00bb\u00a1Presidenta! \u00a1Presidenta!\u00bb\u2014, se ci\u00f1\u00f3 la banda tricolor, se erigi\u00f3 como la pionera femenina en el mando supremo y jur\u00f3 perpetuar esa epopeya que su bando bautiza como \u00abcuarta transformaci\u00f3n\u00bb.<\/p>\n\n\n\n<p>Hoy, en este mi\u00e9rcoles de balances agridulces, Sheinbaum marca su debut anual con luces y sombras danzando en el horizonte. De un flanco, su arrastre en las preferencias sigue imponente \u2014aun si resbal\u00f3 del 80% al 70% de respaldo entre febrero y agosto, seg\u00fan el pulso de Buend\u00eda &amp; M\u00e1rquez para El Universal\u2014 y domina con holgura las dos c\u00e1maras para impulsar su ruta parlamentaria. Del otro, pese a que los datos gubernamentales pintan una merma general en la brutalidad, como los homicidios intencionales, las balaceras han estallado en focos rojos como Sinaloa, azotado por la fiereza de clanes del narco; y un abrumador 63,2% de la gente confiesa temblar de miedo en su propio rinc\u00f3n urbano, revel\u00f3el Inegi en su diagn\u00f3stico de julio.<\/p>\n<\/div><\/div>\n","protected":false},"excerpt":{"rendered":"<div class=\"mh-excerpt\"><p>\u00a1Un a\u00f1o atr\u00e1s, el pulso de M\u00e9xico lati\u00f3 al un\u00edsono con Claudia Sheinbaum! La candidata de Morena, esa fuerza oficialista, jur\u00f3 como presidenta para el <a class=\"mh-excerpt-more\" href=\"https:\/\/interaccioninformativa.mx\/index.php\/2025\/10\/01\/sheinbaum-despide-su-debut-presidencial-con-fuegos-artificiales-y-tropiezos\/\" title=\"\u00a1Sheinbaum despide su debut presidencial con fuegos artificiales y tropiezos!\">[&#8230;]<\/a><\/p>\n<\/div>","protected":false},"author":1,"featured_media":1310,"comment_status":"open","ping_status":"closed","sticky":false,"template":"","format":"standard","meta":{"footnotes":""},"categories":[1],"tags":[],"class_list":["post-1309","post","type-post","status-publish","format-standard","has-post-thumbnail","hentry","category-noticias"],"_links":{"self":[{"href":"https:\/\/interaccioninformativa.mx\/index.php\/wp-json\/wp\/v2\/posts\/1309","targetHints":{"allow":["GET"]}}],"collection":[{"href":"https:\/\/interaccioninformativa.mx\/index.php\/wp-json\/wp\/v2\/posts"}],"about":[{"href":"https:\/\/interaccioninformativa.mx\/index.php\/wp-json\/wp\/v2\/types\/post"}],"author":[{"embeddable":true,"href":"https:\/\/interaccioninformativa.mx\/index.php\/wp-json\/wp\/v2\/users\/1"}],"replies":[{"embeddable":true,"href":"https:\/\/interaccioninformativa.mx\/index.php\/wp-json\/wp\/v2\/comments?post=1309"}],"version-history":[{"count":1,"href":"https:\/\/interaccioninformativa.mx\/index.php\/wp-json\/wp\/v2\/posts\/1309\/revisions"}],"predecessor-version":[{"id":1311,"href":"https:\/\/interaccioninformativa.mx\/index.php\/wp-json\/wp\/v2\/posts\/1309\/revisions\/1311"}],"wp:featuredmedia":[{"embeddable":true,"href":"https:\/\/interaccioninformativa.mx\/index.php\/wp-json\/wp\/v2\/media\/1310"}],"wp:attachment":[{"href":"https:\/\/interaccioninformativa.mx\/index.php\/wp-json\/wp\/v2\/media?parent=1309"}],"wp:term":[{"taxonomy":"category","embeddable":true,"href":"https:\/\/interaccioninformativa.mx\/index.php\/wp-json\/wp\/v2\/categories?post=1309"},{"taxonomy":"post_tag","embeddable":true,"href":"https:\/\/interaccioninformativa.mx\/index.php\/wp-json\/wp\/v2\/tags?post=1309"}],"curies":[{"name":"wp","href":"https:\/\/api.w.org\/{rel}","templated":true}]}}