{"id":1315,"date":"2025-10-01T16:57:11","date_gmt":"2025-10-01T16:57:11","guid":{"rendered":"https:\/\/interaccioninformativa.mx\/?p=1315"},"modified":"2025-10-01T16:57:11","modified_gmt":"2025-10-01T16:57:11","slug":"jueza-libera-a-fernando-farias-de-toda-restriccion-adios-a-detenciones-y-carceles-preventivas","status":"publish","type":"post","link":"https:\/\/interaccioninformativa.mx\/index.php\/2025\/10\/01\/jueza-libera-a-fernando-farias-de-toda-restriccion-adios-a-detenciones-y-carceles-preventivas\/","title":{"rendered":"\u00a1Jueza libera a Fernando Far\u00edas de toda restricci\u00f3n: adi\u00f3s a detenciones y c\u00e1rceles preventivas!"},"content":{"rendered":"\n<div class=\"wp-block-media-text is-stacked-on-mobile\"><figure class=\"wp-block-media-text__media\"><img loading=\"lazy\" decoding=\"async\" width=\"942\" height=\"532\" src=\"https:\/\/interaccioninformativa.mx\/wp-content\/uploads\/2025\/10\/millares-implicados-escandalo-huachicol-fiscal_0_20_600_379-1.webp\" alt=\"\" class=\"wp-image-1316 size-full\" srcset=\"https:\/\/interaccioninformativa.mx\/wp-content\/uploads\/2025\/10\/millares-implicados-escandalo-huachicol-fiscal_0_20_600_379-1.webp 942w, https:\/\/interaccioninformativa.mx\/wp-content\/uploads\/2025\/10\/millares-implicados-escandalo-huachicol-fiscal_0_20_600_379-1-300x169.webp 300w, https:\/\/interaccioninformativa.mx\/wp-content\/uploads\/2025\/10\/millares-implicados-escandalo-huachicol-fiscal_0_20_600_379-1-768x434.webp 768w\" sizes=\"auto, (max-width: 942px) 100vw, 942px\" \/><\/figure><div class=\"wp-block-media-text__content\">\n<p>\u00a1Esc\u00e1ndalo en la marina: Jueza federal blinda al contraalmirante Far\u00edas contra esposas y rejas! Ni una orden de captura lo toca, gracias a un amparo que lo salva de la jaula preventiva, pese al esc\u00e1ndalo del huachicol en aduanas. Interpol lo persigue con ficha roja, pero \u00c1valos dice \u00abni lo intenten\u00bb: hoy, 1 de octubre, Far\u00edas camina libre al banquillo del Altiplano, intocable por ley. Delincuencia organizada y robos de combustible en la mira, pero la suspensi\u00f3n lo eleva por encima de la ley com\u00fan. \u00a1Libertad blindada en pleno juicio!<\/p>\n<\/div><\/div>\n","protected":false},"excerpt":{"rendered":"<div class=\"mh-excerpt\"><p>\u00a1Esc\u00e1ndalo en la marina: Jueza federal blinda al contraalmirante Far\u00edas contra esposas y rejas! Ni una orden de captura lo toca, gracias a un amparo <a class=\"mh-excerpt-more\" href=\"https:\/\/interaccioninformativa.mx\/index.php\/2025\/10\/01\/jueza-libera-a-fernando-farias-de-toda-restriccion-adios-a-detenciones-y-carceles-preventivas\/\" title=\"\u00a1Jueza libera a Fernando Far\u00edas de toda restricci\u00f3n: adi\u00f3s a detenciones y c\u00e1rceles preventivas!\">[&#8230;]<\/a><\/p>\n<\/div>","protected":false},"author":1,"featured_media":1316,"comment_status":"open","ping_status":"closed","sticky":false,"template":"","format":"standard","meta":{"footnotes":""},"categories":[1],"tags":[],"class_list":["post-1315","post","type-post","status-publish","format-standard","has-post-thumbnail","hentry","category-noticias"],"_links":{"self":[{"href":"https:\/\/interaccioninformativa.mx\/index.php\/wp-json\/wp\/v2\/posts\/1315","targetHints":{"allow":["GET"]}}],"collection":[{"href":"https:\/\/interaccioninformativa.mx\/index.php\/wp-json\/wp\/v2\/posts"}],"about":[{"href":"https:\/\/interaccioninformativa.mx\/index.php\/wp-json\/wp\/v2\/types\/post"}],"author":[{"embeddable":true,"href":"https:\/\/interaccioninformativa.mx\/index.php\/wp-json\/wp\/v2\/users\/1"}],"replies":[{"embeddable":true,"href":"https:\/\/interaccioninformativa.mx\/index.php\/wp-json\/wp\/v2\/comments?post=1315"}],"version-history":[{"count":1,"href":"https:\/\/interaccioninformativa.mx\/index.php\/wp-json\/wp\/v2\/posts\/1315\/revisions"}],"predecessor-version":[{"id":1317,"href":"https:\/\/interaccioninformativa.mx\/index.php\/wp-json\/wp\/v2\/posts\/1315\/revisions\/1317"}],"wp:featuredmedia":[{"embeddable":true,"href":"https:\/\/interaccioninformativa.mx\/index.php\/wp-json\/wp\/v2\/media\/1316"}],"wp:attachment":[{"href":"https:\/\/interaccioninformativa.mx\/index.php\/wp-json\/wp\/v2\/media?parent=1315"}],"wp:term":[{"taxonomy":"category","embeddable":true,"href":"https:\/\/interaccioninformativa.mx\/index.php\/wp-json\/wp\/v2\/categories?post=1315"},{"taxonomy":"post_tag","embeddable":true,"href":"https:\/\/interaccioninformativa.mx\/index.php\/wp-json\/wp\/v2\/tags?post=1315"}],"curies":[{"name":"wp","href":"https:\/\/api.w.org\/{rel}","templated":true}]}}