{"id":1318,"date":"2025-10-02T18:54:47","date_gmt":"2025-10-02T18:54:47","guid":{"rendered":"https:\/\/interaccioninformativa.mx\/?p=1318"},"modified":"2025-10-02T18:54:47","modified_gmt":"2025-10-02T18:54:47","slug":"claudia-sheinbaum-cuestiona-con-dureza-la-clausula-retroactiva-de-la-ley-de-amparo-investigaremos-que-impulso-su-inclusion","status":"publish","type":"post","link":"https:\/\/interaccioninformativa.mx\/index.php\/2025\/10\/02\/claudia-sheinbaum-cuestiona-con-dureza-la-clausula-retroactiva-de-la-ley-de-amparo-investigaremos-que-impulso-su-inclusion\/","title":{"rendered":"Claudia Sheinbaum cuestiona con dureza la cl\u00e1usula retroactiva de la Ley de Amparo: \u00abInvestigaremos qu\u00e9 impuls\u00f3 su inclusi\u00f3n\u00bb."},"content":{"rendered":"\n<div class=\"wp-block-media-text is-stacked-on-mobile\"><figure class=\"wp-block-media-text__media\"><img loading=\"lazy\" decoding=\"async\" width=\"1024\" height=\"576\" src=\"https:\/\/interaccioninformativa.mx\/wp-content\/uploads\/2025\/10\/C3VI6KZHOBGCDLS5ILT4U45A2U-1024x576.avif\" alt=\"\" class=\"wp-image-1319 size-full\" srcset=\"https:\/\/interaccioninformativa.mx\/wp-content\/uploads\/2025\/10\/C3VI6KZHOBGCDLS5ILT4U45A2U-1024x576.avif 1024w, https:\/\/interaccioninformativa.mx\/wp-content\/uploads\/2025\/10\/C3VI6KZHOBGCDLS5ILT4U45A2U-300x169.avif 300w, https:\/\/interaccioninformativa.mx\/wp-content\/uploads\/2025\/10\/C3VI6KZHOBGCDLS5ILT4U45A2U-768x432.avif 768w, https:\/\/interaccioninformativa.mx\/wp-content\/uploads\/2025\/10\/C3VI6KZHOBGCDLS5ILT4U45A2U-678x381.avif 678w, https:\/\/interaccioninformativa.mx\/wp-content\/uploads\/2025\/10\/C3VI6KZHOBGCDLS5ILT4U45A2U.avif 1200w\" sizes=\"auto, (max-width: 1024px) 100vw, 1024px\" \/><\/figure><div class=\"wp-block-media-text__content\">\n<p>Claudia Sheinbaum, jefa del Ejecutivo, arremeti\u00f3 contra la inserci\u00f3n de un art\u00edculo temporal en la Ley de Amparo durante su tr\u00e1mite en el Senado, un a\u00f1adido que impone efectos retroactivos y choca frontalmente con la prohibici\u00f3n constitucional.<\/p>\n\n\n\n<p>Anunci\u00f3 que demandar\u00e1 una aclaraci\u00f3n detallada sobre este cambio, dejando en manos de la C\u00e1mara de Diputados la tarea de justificar su pertinencia. La presidenta record\u00f3 que el proyecto original que remiti\u00f3 no conten\u00eda tal disposici\u00f3n y enfatiz\u00f3 la necesidad de acatar el mandato constitucional que veta la retroactividad en las normas.<\/p>\n\n\n\n<p>\u00abEnvi\u00e9 una propuesta limpia, sin esa adici\u00f3n que metieron all\u00e1. Lo primordial es honrar la Carta Magna, que deja clar\u00edsimo que las leyes no aplican hacia atr\u00e1s. Indagaremos a fondo las razones de ese transitorio, el cual indica que, al publicarse la ley, los casos frescos ya se rigen por ella; en mi visi\u00f3n, era prescindible incluirlo\u00bb, declar\u00f3 la l\u00edder nacional.<\/p>\n<\/div><\/div>\n","protected":false},"excerpt":{"rendered":"<div class=\"mh-excerpt\"><p>Claudia Sheinbaum, jefa del Ejecutivo, arremeti\u00f3 contra la inserci\u00f3n de un art\u00edculo temporal en la Ley de Amparo durante su tr\u00e1mite en el Senado, un <a class=\"mh-excerpt-more\" href=\"https:\/\/interaccioninformativa.mx\/index.php\/2025\/10\/02\/claudia-sheinbaum-cuestiona-con-dureza-la-clausula-retroactiva-de-la-ley-de-amparo-investigaremos-que-impulso-su-inclusion\/\" title=\"Claudia Sheinbaum cuestiona con dureza la cl\u00e1usula retroactiva de la Ley de Amparo: \u00abInvestigaremos qu\u00e9 impuls\u00f3 su inclusi\u00f3n\u00bb.\">[&#8230;]<\/a><\/p>\n<\/div>","protected":false},"author":1,"featured_media":1319,"comment_status":"open","ping_status":"closed","sticky":false,"template":"","format":"standard","meta":{"footnotes":""},"categories":[1],"tags":[],"class_list":["post-1318","post","type-post","status-publish","format-standard","has-post-thumbnail","hentry","category-noticias"],"_links":{"self":[{"href":"https:\/\/interaccioninformativa.mx\/index.php\/wp-json\/wp\/v2\/posts\/1318","targetHints":{"allow":["GET"]}}],"collection":[{"href":"https:\/\/interaccioninformativa.mx\/index.php\/wp-json\/wp\/v2\/posts"}],"about":[{"href":"https:\/\/interaccioninformativa.mx\/index.php\/wp-json\/wp\/v2\/types\/post"}],"author":[{"embeddable":true,"href":"https:\/\/interaccioninformativa.mx\/index.php\/wp-json\/wp\/v2\/users\/1"}],"replies":[{"embeddable":true,"href":"https:\/\/interaccioninformativa.mx\/index.php\/wp-json\/wp\/v2\/comments?post=1318"}],"version-history":[{"count":1,"href":"https:\/\/interaccioninformativa.mx\/index.php\/wp-json\/wp\/v2\/posts\/1318\/revisions"}],"predecessor-version":[{"id":1320,"href":"https:\/\/interaccioninformativa.mx\/index.php\/wp-json\/wp\/v2\/posts\/1318\/revisions\/1320"}],"wp:featuredmedia":[{"embeddable":true,"href":"https:\/\/interaccioninformativa.mx\/index.php\/wp-json\/wp\/v2\/media\/1319"}],"wp:attachment":[{"href":"https:\/\/interaccioninformativa.mx\/index.php\/wp-json\/wp\/v2\/media?parent=1318"}],"wp:term":[{"taxonomy":"category","embeddable":true,"href":"https:\/\/interaccioninformativa.mx\/index.php\/wp-json\/wp\/v2\/categories?post=1318"},{"taxonomy":"post_tag","embeddable":true,"href":"https:\/\/interaccioninformativa.mx\/index.php\/wp-json\/wp\/v2\/tags?post=1318"}],"curies":[{"name":"wp","href":"https:\/\/api.w.org\/{rel}","templated":true}]}}