{"id":1327,"date":"2025-10-03T16:20:43","date_gmt":"2025-10-03T16:20:43","guid":{"rendered":"https:\/\/interaccioninformativa.mx\/?p=1327"},"modified":"2025-10-03T16:20:43","modified_gmt":"2025-10-03T16:20:43","slug":"chapo-en-jaque-final-locura-carcelaria-y-panico-cardiaco-me-muero-de-un-soponcio","status":"publish","type":"post","link":"https:\/\/interaccioninformativa.mx\/index.php\/2025\/10\/03\/chapo-en-jaque-final-locura-carcelaria-y-panico-cardiaco-me-muero-de-un-soponcio\/","title":{"rendered":"\u00a1Chapo en jaque final! Locura carcelaria y p\u00e1nico card\u00edaco: \u00ab\u00a1Me muero de un soponcio!\u00bb."},"content":{"rendered":"\n<div class=\"wp-block-media-text is-stacked-on-mobile\"><figure class=\"wp-block-media-text__media\"><img loading=\"lazy\" decoding=\"async\" width=\"618\" height=\"349\" src=\"https:\/\/interaccioninformativa.mx\/wp-content\/uploads\/2025\/10\/chapo-guzman-recluido-carceles-distintas-1.webp\" alt=\"\" class=\"wp-image-1328 size-full\" srcset=\"https:\/\/interaccioninformativa.mx\/wp-content\/uploads\/2025\/10\/chapo-guzman-recluido-carceles-distintas-1.webp 618w, https:\/\/interaccioninformativa.mx\/wp-content\/uploads\/2025\/10\/chapo-guzman-recluido-carceles-distintas-1-300x169.webp 300w\" sizes=\"auto, (max-width: 618px) 100vw, 618px\" \/><\/figure><div class=\"wp-block-media-text__content\">\n<p>Joaqu\u00edn \u00abEl Chapo\u00bb Guzm\u00e1n Loera, el exl\u00edder del C\u00e1rtel de Sinaloa, se encuentra en un estado de deterioro f\u00edsico y mental severo tras m\u00e1s de seis a\u00f1os en la prisi\u00f3n superm\u00e1xima ADX Florence, en Colorado, donde purga cadena perpetua por narcotr\u00e1fico. Seg\u00fan cartas in\u00e9ditas publicadas en 2024, Guzm\u00e1n describe un aislamiento extremo bajo las Medidas Administrativas Especiales (SAMs), que limitan su tiempo fuera de la celda a apenas tres horas semanales, sin acceso a educaci\u00f3n, empleo, biblioteca ni visitas familiares regulares, lo que lo deja \u00absin nada qu\u00e9 hacer\u00bb en un entorno \u00absiniestro y deshumanizante\u00bb.<\/p>\n\n\n\n<p>En esas misivas, advierte de s\u00edntomas graves: presi\u00f3n arterial elevada, dolores de cabeza constantes, alergias cr\u00f3nicas, privaci\u00f3n de sue\u00f1o por supuestos gases t\u00f3xicos en su celda, depresi\u00f3n, p\u00e9rdida de memoria y un riesgo inminente de infarto o colapso mental. \u00abLas SAMs son punitivas y me estoy enfermando&#8230; remuevan las SAMs antes de que me d\u00e9 un ataque al coraz\u00f3n o antes de que me vuelva loco\u00bb, implora, alegando torturas psicol\u00f3gicas y f\u00edsicas que lo han llevado al borde de la locura.<\/p>\n\n\n\n<p>Actualizaciones de 2025 confirman que su condici\u00f3n ha empeorado. Su abogada report\u00f3 en septiembre \u00abcambios extra\u00f1os y preocupantes\u00bb en su salud mental por el aislamiento prolongado, incluyendo alucinaciones y un desmoronamiento progresivo tras nueve a\u00f1os de reclusi\u00f3n continua (incluyendo tiempo en M\u00e9xico). En mayo, se detall\u00f3 un colapso que abarca desde alucinaciones hasta amnesia, exacerbado por la falta de terapia o apoyo m\u00e9dico adecuado. Guzm\u00e1n ha intentado apelaciones legales para aliviar las SAMs y permitir m\u00e1s contacto con sus hijas gemelas o hermana, pero sin \u00e9xito notable hasta la fecha, y sigue sin recibir llamadas o visitas consistentes.<\/p>\n\n\n\n<p>En resumen, El Chapo est\u00e1 al l\u00edmite: f\u00edsicamente debilitado por hipertensi\u00f3n y dolencias cr\u00f3nicas, y mentalmente fr\u00e1gil, luchando por mantener la cordura en un r\u00e9gimen dise\u00f1ado para prevenir fugas, pero que \u00e9l califica como \u00abcruel e inhumano\u00bb. Su equipo legal persiste en demandas contra el Departamento de Justicia, pero el pron\u00f3stico es sombr\u00edo sin cambios en sus condiciones.<\/p>\n<\/div><\/div>\n","protected":false},"excerpt":{"rendered":"<div class=\"mh-excerpt\"><p>Joaqu\u00edn \u00abEl Chapo\u00bb Guzm\u00e1n Loera, el exl\u00edder del C\u00e1rtel de Sinaloa, se encuentra en un estado de deterioro f\u00edsico y mental severo tras m\u00e1s de <a class=\"mh-excerpt-more\" href=\"https:\/\/interaccioninformativa.mx\/index.php\/2025\/10\/03\/chapo-en-jaque-final-locura-carcelaria-y-panico-cardiaco-me-muero-de-un-soponcio\/\" title=\"\u00a1Chapo en jaque final! Locura carcelaria y p\u00e1nico card\u00edaco: \u00ab\u00a1Me muero de un soponcio!\u00bb.\">[&#8230;]<\/a><\/p>\n<\/div>","protected":false},"author":1,"featured_media":1328,"comment_status":"open","ping_status":"closed","sticky":false,"template":"","format":"standard","meta":{"footnotes":""},"categories":[1],"tags":[],"class_list":["post-1327","post","type-post","status-publish","format-standard","has-post-thumbnail","hentry","category-noticias"],"_links":{"self":[{"href":"https:\/\/interaccioninformativa.mx\/index.php\/wp-json\/wp\/v2\/posts\/1327","targetHints":{"allow":["GET"]}}],"collection":[{"href":"https:\/\/interaccioninformativa.mx\/index.php\/wp-json\/wp\/v2\/posts"}],"about":[{"href":"https:\/\/interaccioninformativa.mx\/index.php\/wp-json\/wp\/v2\/types\/post"}],"author":[{"embeddable":true,"href":"https:\/\/interaccioninformativa.mx\/index.php\/wp-json\/wp\/v2\/users\/1"}],"replies":[{"embeddable":true,"href":"https:\/\/interaccioninformativa.mx\/index.php\/wp-json\/wp\/v2\/comments?post=1327"}],"version-history":[{"count":1,"href":"https:\/\/interaccioninformativa.mx\/index.php\/wp-json\/wp\/v2\/posts\/1327\/revisions"}],"predecessor-version":[{"id":1329,"href":"https:\/\/interaccioninformativa.mx\/index.php\/wp-json\/wp\/v2\/posts\/1327\/revisions\/1329"}],"wp:featuredmedia":[{"embeddable":true,"href":"https:\/\/interaccioninformativa.mx\/index.php\/wp-json\/wp\/v2\/media\/1328"}],"wp:attachment":[{"href":"https:\/\/interaccioninformativa.mx\/index.php\/wp-json\/wp\/v2\/media?parent=1327"}],"wp:term":[{"taxonomy":"category","embeddable":true,"href":"https:\/\/interaccioninformativa.mx\/index.php\/wp-json\/wp\/v2\/categories?post=1327"},{"taxonomy":"post_tag","embeddable":true,"href":"https:\/\/interaccioninformativa.mx\/index.php\/wp-json\/wp\/v2\/tags?post=1327"}],"curies":[{"name":"wp","href":"https:\/\/api.w.org\/{rel}","templated":true}]}}