{"id":1349,"date":"2025-10-05T17:02:12","date_gmt":"2025-10-05T17:02:12","guid":{"rendered":"https:\/\/interaccioninformativa.mx\/?p=1349"},"modified":"2025-10-06T17:02:20","modified_gmt":"2025-10-06T17:02:20","slug":"los-mototaxis-podrian-ser-incorporados-en-la-nueva-ley-de-transporte","status":"publish","type":"post","link":"https:\/\/interaccioninformativa.mx\/index.php\/2025\/10\/05\/los-mototaxis-podrian-ser-incorporados-en-la-nueva-ley-de-transporte\/","title":{"rendered":"Los mototaxis podr\u00edan ser incorporados en la nueva ley de transporte."},"content":{"rendered":"\n<figure class=\"wp-block-image size-large\"><img loading=\"lazy\" decoding=\"async\" width=\"1024\" height=\"575\" src=\"https:\/\/interaccioninformativa.mx\/wp-content\/uploads\/2025\/10\/image-12-1024x575.png\" alt=\"\" class=\"wp-image-1350\" srcset=\"https:\/\/interaccioninformativa.mx\/wp-content\/uploads\/2025\/10\/image-12-1024x575.png 1024w, https:\/\/interaccioninformativa.mx\/wp-content\/uploads\/2025\/10\/image-12-300x169.png 300w, https:\/\/interaccioninformativa.mx\/wp-content\/uploads\/2025\/10\/image-12-768x431.png 768w, https:\/\/interaccioninformativa.mx\/wp-content\/uploads\/2025\/10\/image-12-678x381.png 678w, https:\/\/interaccioninformativa.mx\/wp-content\/uploads\/2025\/10\/image-12.png 1280w\" sizes=\"auto, (max-width: 1024px) 100vw, 1024px\" \/><\/figure>\n\n\n\n<p>En las catacumbas legislativas de Morelos, donde el eco de motores ronca como un conjuro ancestral, el diputado local Sergio Omar Livera Chavarr\u00eda \u2014ese or\u00e1culo de chaleco y micr\u00f3fono, guardi\u00e1n de las rutas invisibles\u2014 ha invocado un decreto prof\u00e9tico: \u00a1reconocer a los mototaxis en las p\u00e1ginas sangrientas de la nueva ley del transporte p\u00fablico! No es mero garabato burocr\u00e1tico, sino un talism\u00e1n para domar las bestias de dos ruedas, un cord\u00f3n umbilical que ata el caos a la vigilancia eterna, evitando que estas monturas del inframundo sean reclutadas por los espectros del delito que acechan en las sombras de Totolapan, Tlayacapan, Atlatlahucan, Jantetelco y Temoac \u2014esos enclaves morelenses donde el polvo se levanta como un velo de venganza. Livera, con la solemnidad de un cham\u00e1n vial, desentra\u00f1a el arcano: este \u00abreconocimiento\u00bb no es elevaci\u00f3n al olimpo del transporte oficial \u2014\u00a1ja! No existe tal bendici\u00f3n en la ley actual, un vac\u00edo que engulle almas menores de edad al manubrio\u2014, sino un grillete invisible para controlar a los operadores, estos jinetes errantes que surcan el asfalto como cometas de gasolina, frenando su proliferaci\u00f3n desbocada y sofocando las guerras territoriales entre municipios que se disputan kil\u00f3metros como botines de piratas. Aclaraci\u00f3n gutural: no ser\u00e1n regulados como transporte p\u00fablico, oh no; seguir\u00e1n siendo lobos solitarios, pero ahora con collares de identificaci\u00f3n que brillan bajo la luna de la fiscal\u00eda. \u00a1Pero el conjuro se profundiza! Con este pacto faustiano, se busca exorcizar a los infantes del volante \u2014esos menores que osan domar el acero antes de la mayor\u00eda de edad, un pecado que clama por el l\u00e1tigo de la ley\u2014, asegurando que solo los adultos, templados por el fuego de los a\u00f1os, empu\u00f1en el acelerador. Y en el ritual de los choques inevitables, donde el metal besa el pavimento en un beso de muerte, se forjar\u00e1n sanciones pertinentes, balas de papel timbrado que perforan la impunidad como venganza p\u00f3stuma. Por \u00faltimo, en un rugido final que sacude los altares del congreso, Livera maldice el uso delictivo: \u00a1que estas motos no sean corceles para asaltos espectrales, no portales para el averno del crimen que devora comunidades como Totolapan y sus hermanas! En este teatro de sombras morelense, donde cada mototaxi es un portal al abismo o al progreso fingido, el diputado no legisla: profetiza un equilibrio precario donde el ronroneo de los motores se convierte en himno de control, y el asfalto, en tablero de ajedrez donde los peones de dos ruedas avanzan&#8230; o caen en la trampa del estado omnipresente.<\/p>\n","protected":false},"excerpt":{"rendered":"<div class=\"mh-excerpt\"><p>En las catacumbas legislativas de Morelos, donde el eco de motores ronca como un conjuro ancestral, el diputado local Sergio Omar Livera Chavarr\u00eda \u2014ese or\u00e1culo <a class=\"mh-excerpt-more\" href=\"https:\/\/interaccioninformativa.mx\/index.php\/2025\/10\/05\/los-mototaxis-podrian-ser-incorporados-en-la-nueva-ley-de-transporte\/\" title=\"Los mototaxis podr\u00edan ser incorporados en la nueva ley de transporte.\">[&#8230;]<\/a><\/p>\n<\/div>","protected":false},"author":1,"featured_media":1350,"comment_status":"open","ping_status":"closed","sticky":false,"template":"","format":"standard","meta":{"footnotes":""},"categories":[1],"tags":[],"class_list":["post-1349","post","type-post","status-publish","format-standard","has-post-thumbnail","hentry","category-noticias"],"_links":{"self":[{"href":"https:\/\/interaccioninformativa.mx\/index.php\/wp-json\/wp\/v2\/posts\/1349","targetHints":{"allow":["GET"]}}],"collection":[{"href":"https:\/\/interaccioninformativa.mx\/index.php\/wp-json\/wp\/v2\/posts"}],"about":[{"href":"https:\/\/interaccioninformativa.mx\/index.php\/wp-json\/wp\/v2\/types\/post"}],"author":[{"embeddable":true,"href":"https:\/\/interaccioninformativa.mx\/index.php\/wp-json\/wp\/v2\/users\/1"}],"replies":[{"embeddable":true,"href":"https:\/\/interaccioninformativa.mx\/index.php\/wp-json\/wp\/v2\/comments?post=1349"}],"version-history":[{"count":1,"href":"https:\/\/interaccioninformativa.mx\/index.php\/wp-json\/wp\/v2\/posts\/1349\/revisions"}],"predecessor-version":[{"id":1351,"href":"https:\/\/interaccioninformativa.mx\/index.php\/wp-json\/wp\/v2\/posts\/1349\/revisions\/1351"}],"wp:featuredmedia":[{"embeddable":true,"href":"https:\/\/interaccioninformativa.mx\/index.php\/wp-json\/wp\/v2\/media\/1350"}],"wp:attachment":[{"href":"https:\/\/interaccioninformativa.mx\/index.php\/wp-json\/wp\/v2\/media?parent=1349"}],"wp:term":[{"taxonomy":"category","embeddable":true,"href":"https:\/\/interaccioninformativa.mx\/index.php\/wp-json\/wp\/v2\/categories?post=1349"},{"taxonomy":"post_tag","embeddable":true,"href":"https:\/\/interaccioninformativa.mx\/index.php\/wp-json\/wp\/v2\/tags?post=1349"}],"curies":[{"name":"wp","href":"https:\/\/api.w.org\/{rel}","templated":true}]}}