{"id":1355,"date":"2025-10-06T17:22:09","date_gmt":"2025-10-06T17:22:09","guid":{"rendered":"https:\/\/interaccioninformativa.mx\/?p=1355"},"modified":"2025-10-06T17:22:09","modified_gmt":"2025-10-06T17:22:09","slug":"en-el-zocalo-sheinbaum-marca-el-primer-ano-de-administracion-ante-miles-de-asistentes","status":"publish","type":"post","link":"https:\/\/interaccioninformativa.mx\/index.php\/2025\/10\/06\/en-el-zocalo-sheinbaum-marca-el-primer-ano-de-administracion-ante-miles-de-asistentes\/","title":{"rendered":"En el Z\u00f3calo, Sheinbaum marca el primer a\u00f1o de administraci\u00f3n ante miles de asistentes."},"content":{"rendered":"\n<figure class=\"wp-block-image size-large\"><img loading=\"lazy\" decoding=\"async\" width=\"1024\" height=\"448\" src=\"https:\/\/interaccioninformativa.mx\/wp-content\/uploads\/2025\/10\/74244047_1004-2-1024x448.webp\" alt=\"\" class=\"wp-image-1356\" srcset=\"https:\/\/interaccioninformativa.mx\/wp-content\/uploads\/2025\/10\/74244047_1004-2-1024x448.webp 1024w, https:\/\/interaccioninformativa.mx\/wp-content\/uploads\/2025\/10\/74244047_1004-2-300x131.webp 300w, https:\/\/interaccioninformativa.mx\/wp-content\/uploads\/2025\/10\/74244047_1004-2-768x336.webp 768w, https:\/\/interaccioninformativa.mx\/wp-content\/uploads\/2025\/10\/74244047_1004-2.webp 1200w\" sizes=\"auto, (max-width: 1024px) 100vw, 1024px\" \/><\/figure>\n\n\n\n<p>La presidenta de M\u00e9xico, Claudia Sheinbaum, particip\u00f3 este domingo 5 de octubre de 2025 en un evento con decenas de miles de personas en el Z\u00f3calo de la Ciudad de M\u00e9xico para conmemorar el primer a\u00f1o de su administraci\u00f3n. Durante el acto, coincidi\u00f3 con el anuncio del desmantelamiento de una red de contrabando de combustibles que involucraba a altos funcionarios de la Secretar\u00eda de Marina. En su intervenci\u00f3n, enfatiz\u00f3 que \u00abquien traiciona al pueblo enfrenta a la Justicia\u00bb. Sheinbaum desarroll\u00f3 su mensaje destacando que, en el M\u00e9xico actual, la honestidad representa el est\u00e1ndar general de conducta, y no una mera excepci\u00f3n. Agreg\u00f3 que aquellos que traicionan o roban al pueblo deben rendir cuentas ante la Justicia, ya que el ejercicio del poder debe orientarse al servicio humilde de la sociedad. Explic\u00f3 que los recursos p\u00fablicos se consideran un bien fundamental que debe destinarse a la poblaci\u00f3n mediante derechos garantizados, programas de bienestar social y proyectos de infraestructura estrat\u00e9gica. Estas declaraciones fueron dirigidas a aproximadamente 100,000 simpatizantes reunidos en el centro hist\u00f3rico de la capital mexicana. La presidenta repas\u00f3 indicadores sociales clave, recordando que en 2008 la tasa de pobreza afectaba al 45% de la poblaci\u00f3n del pa\u00eds. Para 2025, esta cifra se ha reducido al 29%, seg\u00fan datos oficiales. Subray\u00f3 la importancia de continuar los esfuerzos para eliminar la pobreza en todo el territorio nacional, expresando confianza en que el rumbo actual es el adecuado. A\u00f1adi\u00f3 que estos logros forman parte de la historia del pa\u00eds y son hechos consolidados que no pueden ser alterados. En cuanto a la aprobaci\u00f3n de su gesti\u00f3n, Sheinbaum mencion\u00f3 que supera el 70%, de acuerdo con tres encuestas publicadas esa semana, las cuales vinculan este apoyo a iniciativas como pensiones para adultos mayores, becas educativas y otros programas de asistencia social. Adem\u00e1s, contrast\u00f3 la situaci\u00f3n actual con el per\u00edodo conocido como \u00abneoliberalismo\u00bb, entre 1982 y 2018, cuando M\u00e9xico registraba uno de los niveles m\u00e1s altos de desigualdad a nivel global. Hoy, el pa\u00eds ocupa el segundo lugar en menor desigualdad en el continente americano, solo por detr\u00e1s de Canad\u00e1. Describi\u00f3 el modelo econ\u00f3mico vigente como un enfoque distinto, centrado en la prioridad de atender a los sectores m\u00e1s vulnerables con la premisa \u00abpor el bien de todos, primero los pobres\u00bb. Esto ha permitido mantener una econom\u00eda s\u00f3lida, incluso en un contexto de desaf\u00edos internacionales durante el a\u00f1o en curso. Sheinbaum proyect\u00f3 un crecimiento econ\u00f3mico anual estimado en 1.2%, en contraste con las proyecciones negativas de algunos analistas que esperaban una contracci\u00f3n. Como primera mujer en asumir la presidencia el 1 de octubre de 2024, su gobierno aborda temas como la inseguridad persistente y las presiones econ\u00f3micas y pol\u00edticas derivadas del regreso de Donald Trump a la presidencia de Estados Unidos. Sobre este \u00faltimo punto, expres\u00f3 optimismo en lograr acuerdos favorables en materia de relaciones comerciales con Estados Unidos y otras naciones del mundo.<\/p>\n","protected":false},"excerpt":{"rendered":"<div class=\"mh-excerpt\"><p>La presidenta de M\u00e9xico, Claudia Sheinbaum, particip\u00f3 este domingo 5 de octubre de 2025 en un evento con decenas de miles de personas en el <a class=\"mh-excerpt-more\" href=\"https:\/\/interaccioninformativa.mx\/index.php\/2025\/10\/06\/en-el-zocalo-sheinbaum-marca-el-primer-ano-de-administracion-ante-miles-de-asistentes\/\" title=\"En el Z\u00f3calo, Sheinbaum marca el primer a\u00f1o de administraci\u00f3n ante miles de asistentes.\">[&#8230;]<\/a><\/p>\n<\/div>","protected":false},"author":1,"featured_media":1356,"comment_status":"open","ping_status":"closed","sticky":false,"template":"","format":"standard","meta":{"footnotes":""},"categories":[1],"tags":[],"class_list":["post-1355","post","type-post","status-publish","format-standard","has-post-thumbnail","hentry","category-noticias"],"_links":{"self":[{"href":"https:\/\/interaccioninformativa.mx\/index.php\/wp-json\/wp\/v2\/posts\/1355","targetHints":{"allow":["GET"]}}],"collection":[{"href":"https:\/\/interaccioninformativa.mx\/index.php\/wp-json\/wp\/v2\/posts"}],"about":[{"href":"https:\/\/interaccioninformativa.mx\/index.php\/wp-json\/wp\/v2\/types\/post"}],"author":[{"embeddable":true,"href":"https:\/\/interaccioninformativa.mx\/index.php\/wp-json\/wp\/v2\/users\/1"}],"replies":[{"embeddable":true,"href":"https:\/\/interaccioninformativa.mx\/index.php\/wp-json\/wp\/v2\/comments?post=1355"}],"version-history":[{"count":1,"href":"https:\/\/interaccioninformativa.mx\/index.php\/wp-json\/wp\/v2\/posts\/1355\/revisions"}],"predecessor-version":[{"id":1357,"href":"https:\/\/interaccioninformativa.mx\/index.php\/wp-json\/wp\/v2\/posts\/1355\/revisions\/1357"}],"wp:featuredmedia":[{"embeddable":true,"href":"https:\/\/interaccioninformativa.mx\/index.php\/wp-json\/wp\/v2\/media\/1356"}],"wp:attachment":[{"href":"https:\/\/interaccioninformativa.mx\/index.php\/wp-json\/wp\/v2\/media?parent=1355"}],"wp:term":[{"taxonomy":"category","embeddable":true,"href":"https:\/\/interaccioninformativa.mx\/index.php\/wp-json\/wp\/v2\/categories?post=1355"},{"taxonomy":"post_tag","embeddable":true,"href":"https:\/\/interaccioninformativa.mx\/index.php\/wp-json\/wp\/v2\/tags?post=1355"}],"curies":[{"name":"wp","href":"https:\/\/api.w.org\/{rel}","templated":true}]}}