{"id":1365,"date":"2025-10-07T16:34:34","date_gmt":"2025-10-07T16:34:34","guid":{"rendered":"https:\/\/interaccioninformativa.mx\/?p=1365"},"modified":"2025-10-07T16:34:34","modified_gmt":"2025-10-07T16:34:34","slug":"seis-activistas-mexicanos-liberados-por-israel-tras-su-detencion-en-la-flotilla-global-sumud-inician-su-regreso-a-la-ciudad-de-mexico-segun-informa-la-sre","status":"publish","type":"post","link":"https:\/\/interaccioninformativa.mx\/index.php\/2025\/10\/07\/seis-activistas-mexicanos-liberados-por-israel-tras-su-detencion-en-la-flotilla-global-sumud-inician-su-regreso-a-la-ciudad-de-mexico-segun-informa-la-sre\/","title":{"rendered":"Seis activistas mexicanos, liberados por Israel tras su detenci\u00f3n en la Flotilla Global Sumud, inician su regreso a la Ciudad de M\u00e9xico, seg\u00fan informa la SRE."},"content":{"rendered":"\n<figure class=\"wp-block-image size-large\"><img loading=\"lazy\" decoding=\"async\" width=\"1024\" height=\"576\" src=\"https:\/\/interaccioninformativa.mx\/wp-content\/uploads\/2025\/10\/NHL7DKBEZFH2XMOU4WEEN3HG4M-1024x576.avif\" alt=\"\" class=\"wp-image-1366\" srcset=\"https:\/\/interaccioninformativa.mx\/wp-content\/uploads\/2025\/10\/NHL7DKBEZFH2XMOU4WEEN3HG4M-1024x576.avif 1024w, https:\/\/interaccioninformativa.mx\/wp-content\/uploads\/2025\/10\/NHL7DKBEZFH2XMOU4WEEN3HG4M-300x169.avif 300w, https:\/\/interaccioninformativa.mx\/wp-content\/uploads\/2025\/10\/NHL7DKBEZFH2XMOU4WEEN3HG4M-768x432.avif 768w, https:\/\/interaccioninformativa.mx\/wp-content\/uploads\/2025\/10\/NHL7DKBEZFH2XMOU4WEEN3HG4M-678x381.avif 678w, https:\/\/interaccioninformativa.mx\/wp-content\/uploads\/2025\/10\/NHL7DKBEZFH2XMOU4WEEN3HG4M.avif 1200w\" sizes=\"auto, (max-width: 1024px) 100vw, 1024px\" \/><\/figure>\n\n\n\n<p>La Secretar\u00eda de Relaciones Exteriores (SRE) anunci\u00f3 que los activistas mexicanos integrantes de la Flotilla Global Sumud, quienes buscaban entregar ayuda humanitaria a Gaza, regresar\u00e1n a M\u00e9xico. Entre ellos se encuentran Sol Gonz\u00e1lez Egu\u00eda, Ernesto Ledesma Arronte, Arl\u00edn Medrano Guzm\u00e1n, Carlos P\u00e9rez Osorio, Diego V\u00e1zquez Galindo y Laura Alejandra Vel\u00e9z Ruiz Gait\u00e1n.<\/p>\n\n\n\n<p>De acuerdo con el mensaje difundido en las redes sociales de la dependencia, \u201clos connacionales fueron llevados a Am\u00e1n, Jordania, donde los recibi\u00f3 el embajador de M\u00e9xico en esa naci\u00f3n, acompa\u00f1ado por el embajador mexicano en Israel, quien los escoltar\u00e1 hasta la Ciudad de M\u00e9xico\u201d.<\/p>\n\n\n\n<p>La SRE expres\u00f3 su gratitud al gobierno jordano por su colaboraci\u00f3n en las gestiones diplom\u00e1ticas facilitadas por sus autoridades. Adem\u00e1s, la Canciller\u00eda subray\u00f3 que ha mantenido comunicaci\u00f3n constante con los familiares de los repatriados, y enfatiz\u00f3 que su principal objetivo es salvaguardar la seguridad y el bienestar de todos los mexicanos en el extranjero.<\/p>\n","protected":false},"excerpt":{"rendered":"<div class=\"mh-excerpt\"><p>La Secretar\u00eda de Relaciones Exteriores (SRE) anunci\u00f3 que los activistas mexicanos integrantes de la Flotilla Global Sumud, quienes buscaban entregar ayuda humanitaria a Gaza, regresar\u00e1n <a class=\"mh-excerpt-more\" href=\"https:\/\/interaccioninformativa.mx\/index.php\/2025\/10\/07\/seis-activistas-mexicanos-liberados-por-israel-tras-su-detencion-en-la-flotilla-global-sumud-inician-su-regreso-a-la-ciudad-de-mexico-segun-informa-la-sre\/\" title=\"Seis activistas mexicanos, liberados por Israel tras su detenci\u00f3n en la Flotilla Global Sumud, inician su regreso a la Ciudad de M\u00e9xico, seg\u00fan informa la SRE.\">[&#8230;]<\/a><\/p>\n<\/div>","protected":false},"author":1,"featured_media":1366,"comment_status":"open","ping_status":"closed","sticky":false,"template":"","format":"standard","meta":{"footnotes":""},"categories":[1],"tags":[],"class_list":["post-1365","post","type-post","status-publish","format-standard","has-post-thumbnail","hentry","category-noticias"],"_links":{"self":[{"href":"https:\/\/interaccioninformativa.mx\/index.php\/wp-json\/wp\/v2\/posts\/1365","targetHints":{"allow":["GET"]}}],"collection":[{"href":"https:\/\/interaccioninformativa.mx\/index.php\/wp-json\/wp\/v2\/posts"}],"about":[{"href":"https:\/\/interaccioninformativa.mx\/index.php\/wp-json\/wp\/v2\/types\/post"}],"author":[{"embeddable":true,"href":"https:\/\/interaccioninformativa.mx\/index.php\/wp-json\/wp\/v2\/users\/1"}],"replies":[{"embeddable":true,"href":"https:\/\/interaccioninformativa.mx\/index.php\/wp-json\/wp\/v2\/comments?post=1365"}],"version-history":[{"count":1,"href":"https:\/\/interaccioninformativa.mx\/index.php\/wp-json\/wp\/v2\/posts\/1365\/revisions"}],"predecessor-version":[{"id":1367,"href":"https:\/\/interaccioninformativa.mx\/index.php\/wp-json\/wp\/v2\/posts\/1365\/revisions\/1367"}],"wp:featuredmedia":[{"embeddable":true,"href":"https:\/\/interaccioninformativa.mx\/index.php\/wp-json\/wp\/v2\/media\/1366"}],"wp:attachment":[{"href":"https:\/\/interaccioninformativa.mx\/index.php\/wp-json\/wp\/v2\/media?parent=1365"}],"wp:term":[{"taxonomy":"category","embeddable":true,"href":"https:\/\/interaccioninformativa.mx\/index.php\/wp-json\/wp\/v2\/categories?post=1365"},{"taxonomy":"post_tag","embeddable":true,"href":"https:\/\/interaccioninformativa.mx\/index.php\/wp-json\/wp\/v2\/tags?post=1365"}],"curies":[{"name":"wp","href":"https:\/\/api.w.org\/{rel}","templated":true}]}}